{"id":23123,"date":"2019-02-20T22:36:09","date_gmt":"2019-02-21T01:36:09","guid":{"rendered":"https:\/\/24formosa.com.ar\/?p=23123"},"modified":"2023-01-16T11:41:21","modified_gmt":"2023-01-16T14:41:21","slug":"ibanez-simbolizo-crisis-del-pais-con-el-titanic-que-se-hundia-y-la-banda-musical-seguia-tocando","status":"publish","type":"post","link":"https:\/\/24formosa.com.ar\/?p=23123","title":{"rendered":"Ib\u00e1\u00f1ez simbolizo crisis del pa\u00eds con el Titanic que se hund\u00eda y la banda musical segu\u00eda tocando"},"content":{"rendered":"\n<p> El ministro de Econom\u00eda, Hacienda y Finanzas, Jorge Ib\u00e1\u00f1ez, represento la severa crisis nacional que dijo no avizora mejor\u00eda, con el famoso naufragio del trasatl\u00e1ntico Titanic que mientras se hund\u00eda, la banda de m\u00fasica segu\u00eda tocando.<\/p>\n\n\n\n<p>As\u00ed lo expuso en el acto de este mi\u00e9rcoles en el Parque Industrial donde el Fontex hizo entrega de 130 mil guardapolvos a la provincia para integrarlos a los kits educativos, donde marc\u00f3 el antagonismo entre los modelos econ\u00f3micos nacional y el provincial, siendo que la gesti\u00f3n de Mauricio Macri \u201cest\u00e1 haciendo trizas la industria textil argentina\u201d, mientras que en Formosa se llevan adelante pol\u00edticas activas de apoyo permanente a los peque\u00f1os paipperos y medianos productores.<\/p>\n\n\n\n<p>El funcionario destac\u00f3 que \u201clas pol\u00edticas activas de nuestro Gobierno arrancan en eslabones anteriores a la parte de la confecci\u00f3n y es cuando se decide un apoyo permanente y constante a los peque\u00f1os productores, a los paipperos y a los medianos, para que se pueda continuar con el cultivo del algod\u00f3n\u201d.<br>\u201cEn algunos casos con aportes no reintegrables con semillas y productos qu\u00edmicos y luego con un precio sost\u00e9n para evitar lo de siempre, que cuando est\u00e1 el algod\u00f3n aparecen los p\u00edcaros, esos intermediarios que nunca nada arriesgan, pero con un precio vil se llevaban la producci\u00f3n\u201d, indic\u00f3, significando que \u201cah\u00ed el Estado tambi\u00e9n dice presente con la pol\u00edtica activa de fijar un precio justo, el cual lo abonamos a trav\u00e9s de nuestra desmotadora y a su vez subsidiamos el transporte, que en muchos casos es muy importante\u201d.<\/p>\n\n\n\n<p>En ese sentido subray\u00f3 que \u201cluego est\u00e1 la comercializaci\u00f3n y este es el eslab\u00f3n final, el de la confecci\u00f3n. Hoy se est\u00e1 confeccionando los guardapolvos para todos los niveles educativos, los equipos deportivos y sanitarios y uniformes para la Polic\u00eda\u201d.<\/p>\n\n\n\n<p>El funcionario valor\u00f3 el hecho de \u201cver 750 familias, porque son 750 costureras, y los 30 chicos permanentes de los dos talleres del Fontex en un momento que contrasta con una pol\u00edtica nacional de apertura indiscriminada de las importaciones textiles que realmente est\u00e1n haciendo trizas la industria textil argentina\u201d.<\/p>\n\n\n\n<p>\u201cEs uno de los sectores m\u00e1s castigados porque adem\u00e1s de sufrir la apertura indiscriminada de las importaciones, padecen las altas tasas de inter\u00e9s para las pymes textiles y las impagables tarifas, es decir, un combo letal\u201d, lament\u00f3.<\/p>\n\n\n\n<p>Marc\u00f3 que en contraposici\u00f3n con el modelo nacional \u201cen Formosa se apoya la producci\u00f3n primaria, la confecci\u00f3n y la comercializaci\u00f3n\u201d, acentuando que \u201ces un modelo econ\u00f3mico totalmente distinto al modelo nacional el que se implementa en nuestra provincia\u201d.<\/p>\n\n\n\n<p>En el orden nacional \u201chay una pol\u00edtica netamente destructiva de las pymes y no hay ning\u00fan tipo de asistencia a las mismas\u201d, reproch\u00f3 el doctor Ib\u00e1\u00f1ez, haciendo notar que \u201cesto no es casual, son objetivos que tienden a favorecer la concentraci\u00f3n de la econom\u00eda y a otros sectores como el de la miner\u00eda, los pooles de soja y el financiero, que es el m\u00e1s privilegiado en la Rep\u00fablica Argentina.<\/p>\n\n\n\n<p>\u201cDesprecian totalmente el mercado interno argentino, que es adonde apuntaban muchas de las pol\u00edticas de nuestro Gobierno anterior \u2013enfatiz\u00f3-. El mercado interno significa m\u00e1s trabajadores, m\u00e1s salarios, m\u00e1s consumo y m\u00e1s industria nacional. Esta rueda virtuosa ha sido dejada de lado totalmente por especulaci\u00f3n financiera y una apertura de productos que vienen de todas partes del mundo\u201d, finaliz\u00f3.<\/p>\n\n\n\n<p><strong>Como el Titanic<\/strong><\/p>\n\n\n\n<p>Ib\u00e1\u00f1ez advirti\u00f3 que \u201cdesgraciadamente no hay ning\u00fan indicador de la econom\u00eda que sea auspicioso y que haga conjeturar que esto vaya a mejorar. Estamos sumamente preocupados como todos los argentinos\u201d. Expuso que \u201csi tenes una alt\u00edsima inflaci\u00f3n, una tremenda recesi\u00f3n, con comercios que cierran todos los d\u00edas y desempleados en aumento, y ante esto no adoptadas ninguna medida, esto pareciera ser el Titanic. La orquesta sigue tocando, pero el barco indudablemente va muy mal\u201d.<br>Refiri\u00f3 al\u00a0 \u201cpresupuesto con pautas que el a\u00f1o pasado previo un 10% de inflaci\u00f3n y terminamos con un 48%. Para este 2019 no sabemos muy bien y cre\u00edamos que estaba en el orden del 22%, y por la cifra que tenemos en este inicio de ejercicio se ver\u00e1 superado\u201d.<\/p>\n\n\n\n<p>Para Ib\u00e1\u00f1ez \u201cno hay ninguna se\u00f1al que nos haga ser optimista para los pr\u00f3ximos meses, sumado a autorizaciones de tarifas que son irracionales y que no guardan ninguna relaci\u00f3n con la masa salarial de los argentinos, el panorama a es muy negro\u201d.<\/p>\n\n\n\n<p>De todas maneras concluyo afirmando que \u201cseguimos trabajando confiados en que si este gobierno no da el golpe de tim\u00f3n lo dar\u00e1 el que viene, y nosotros desde nuestra provincia con el apoyo de los formose\u00f1os continuaremos avanzando con nuestro modelo totalmente distinto\u201d. <\/p>\n","protected":false},"excerpt":{"rendered":"<p>El ministro de Econom\u00eda, Hacienda y Finanzas, Jorge Ib\u00e1\u00f1ez, represento la severa crisis nacional que<\/p>\n","protected":false},"author":3,"featured_media":23124,"comment_status":"open","ping_status":"open","sticky":false,"template":"","format":"standard","meta":{"footnotes":""},"categories":[1],"tags":[],"class_list":["post-23123","post","type-post","status-publish","format-standard","has-post-thumbnail","hentry","category-noticias"],"_links":{"self":[{"href":"https:\/\/24formosa.com.ar\/index.php?rest_route=\/wp\/v2\/posts\/23123","targetHints":{"allow":["GET"]}}],"collection":[{"href":"https:\/\/24formosa.com.ar\/index.php?rest_route=\/wp\/v2\/posts"}],"about":[{"href":"https:\/\/24formosa.com.ar\/index.php?rest_route=\/wp\/v2\/types\/post"}],"author":[{"embeddable":true,"href":"https:\/\/24formosa.com.ar\/index.php?rest_route=\/wp\/v2\/users\/3"}],"replies":[{"embeddable":true,"href":"https:\/\/24formosa.com.ar\/index.php?rest_route=%2Fwp%2Fv2%2Fcomments&post=23123"}],"version-history":[{"count":1,"href":"https:\/\/24formosa.com.ar\/index.php?rest_route=\/wp\/v2\/posts\/23123\/revisions"}],"predecessor-version":[{"id":23125,"href":"https:\/\/24formosa.com.ar\/index.php?rest_route=\/wp\/v2\/posts\/23123\/revisions\/23125"}],"wp:featuredmedia":[{"embeddable":true,"href":"https:\/\/24formosa.com.ar\/index.php?rest_route=\/wp\/v2\/media\/23124"}],"wp:attachment":[{"href":"https:\/\/24formosa.com.ar\/index.php?rest_route=%2Fwp%2Fv2%2Fmedia&parent=23123"}],"wp:term":[{"taxonomy":"category","embeddable":true,"href":"https:\/\/24formosa.com.ar\/index.php?rest_route=%2Fwp%2Fv2%2Fcategories&post=23123"},{"taxonomy":"post_tag","embeddable":true,"href":"https:\/\/24formosa.com.ar\/index.php?rest_route=%2Fwp%2Fv2%2Ftags&post=23123"}],"curies":[{"name":"wp","href":"https:\/\/api.w.org\/{rel}","templated":true}]}}