{"id":23118,"date":"2019-02-20T22:31:14","date_gmt":"2019-02-21T01:31:14","guid":{"rendered":"https:\/\/24formosa.com.ar\/?p=23118"},"modified":"2023-01-16T11:41:21","modified_gmt":"2023-01-16T14:41:21","slug":"de-vido-monitoreo-desempeno-de-obras-de-defensas-en-zona-de-soledad","status":"publish","type":"post","link":"https:\/\/24formosa.com.ar\/?p=23118","title":{"rendered":"De Vido monitoreo desempe\u00f1o de obras de defensas en zona de Soledad"},"content":{"rendered":"\n<p>\n\nSignifico el \u201ccorrecto funcionamiento de proyecto hidrovial ruta 28 y la proteccion de poblaciones y areas rurales\u201d<\/p>\n\n\n\n<p>&nbsp;Las obras de recrecimiento de defensas y la ejecuci\u00f3n de un terrapl\u00e9n de casi 12 kil\u00f3metros entre Fort\u00edn Soledad-Churcalito, est\u00e1n respondiendo adecuadamente ante el pico de crecida del rio Pilcomayo que atraviesa nuestra Provincia a travez del ba\u00f1ado La Estrella.<\/p>\n\n\n\n<p>As\u00ed lo certifico el administrador general de la Direcci\u00f3n Provincial de Vialidad, Fernando De Vido, quien este mi\u00e9rcoles estuvo monitoreando el desarrollo de los trabajosde recrecimiento y consolidaci\u00f3n de defensas que protegen a poblaciones como Soledad y otras cercanas, adem\u00e1s de resguardar la transitabilidad de la ruta 32 que vincula a varias comunidades (La Palizada, Punta del Agua, Puesto Encina, La Pampa, El Simbolar) de la zona con la ruta 81 a la altura de Las Lomitas. y la ejecucion del terraplen desde Soledad a Churcalito.<\/p>\n\n\n\n<p>\u201cObservamos que los trabajos ejecutados, como el terrapl\u00e9n entre Soledad y Churcalito (comunidad situada a la vera del ba\u00f1ado a la altura de Pozo del Mortero) a lo largo de casi 12 kil\u00f3metros est\u00e1n respondiendo de acuerdo a lo concebido. Fueron trabajos realizados en una primera etapa ante esta contingencia, y esto nos permiti\u00f3 hasta el momento que no se aneguen&nbsp; explotaciones productivas de peque\u00f1os y medianos productores y poblaciones de esa regi\u00f3n ubicadas sobre la Ruta 32 cercanas a Fortin Soledad\u201d, expuso.<\/p>\n\n\n\n<p><strong>Obra hidrovial ruta 28<\/strong><\/p>\n\n\n\n<p>De Vido significo por otra parte que \u201cestamos satisfechos por el normal&nbsp; funcionamiento de la obra hidrovial de la ruta 28&nbsp; evacuando todos los excedentes de este nuevo ciclo de crecida del rio Pilcomayo. Los terraplenes de Soledad, de Campo del Cielo, y el sistema de vertedero sobre el complejo hidrovial de la Ruta 28, est\u00e1n respondiendo correctamente a partir del dise\u00f1o de ingenier\u00eda para escenarios h\u00eddricos como el actual\u201d.<\/p>\n\n\n\n<p>Sostuvo que \u201cse viene realizando un enorme esfuerzo de maquinarias, personal y una log\u00edstica importante, adem\u00e1s de una importante inversi\u00f3n financiera&nbsp; de recursos provinciales. Toda una conjunci\u00f3n que permiti\u00f3 que comunidades y explotaciones agropecuarias est\u00e9n protegidas ante este crecida, pese a los escenarios sombr\u00edos que algunos que vaya a saber con qu\u00e9 intenci\u00f3n trazaban hace poco nomas\u201d.<\/p>\n\n\n\n<p>El administrador vialero significo que \u201ceste proyecto es fundamental ya que nos permite ejercer un mejor control y operar los caudales, optimizando esta franja del sistema hidrico provincial\u201d .<\/p>\n\n\n\n<p>Ratifico justamente que las riadas provenientes del r\u00edo Pilcomayo que son canalizados a trav\u00e9s del ba\u00f1ado La Estrella se encuentran en pleno proceso de\u00a0 recarga de todo el sistema h\u00eddrico de una vasta regi\u00f3n de la provincia, fundamental para el abastecimiento de las poblaciones y su uso en la producci\u00f3n. a partir del complejo hidrovial sobre la ruta 28.<\/p>\n\n\n\n<p>\u201cA medida que las aguas van escurriendo, con posterioridad los vol\u00famenes alcanzaron la zona de trasvase de la ruta provincial 28, pudiendo almacenarse a trav\u00e9s de las obras hidr\u00e1ulicas all\u00ed ejecutadas. Esta serie de compuertas y vertederos permiten hacer un manejo de las aguas, pudi\u00e9ndose distribuirse por ejemplo aguas abajo al riacho Salado y tambi\u00e9n a El Porte\u00f1o, mientras que por la otra franja desde El Salado a El Pavao\u00a0 Tat\u00fa Pire\u00a0 y Monte lindo Grande\u201d, se explic\u00f3. <\/p>\n","protected":false},"excerpt":{"rendered":"<p>Significo el \u201ccorrecto funcionamiento de proyecto hidrovial ruta 28 y la proteccion de poblaciones y<\/p>\n","protected":false},"author":3,"featured_media":23120,"comment_status":"open","ping_status":"open","sticky":false,"template":"","format":"standard","meta":{"footnotes":""},"categories":[1],"tags":[],"class_list":["post-23118","post","type-post","status-publish","format-standard","has-post-thumbnail","hentry","category-noticias"],"_links":{"self":[{"href":"https:\/\/24formosa.com.ar\/index.php?rest_route=\/wp\/v2\/posts\/23118","targetHints":{"allow":["GET"]}}],"collection":[{"href":"https:\/\/24formosa.com.ar\/index.php?rest_route=\/wp\/v2\/posts"}],"about":[{"href":"https:\/\/24formosa.com.ar\/index.php?rest_route=\/wp\/v2\/types\/post"}],"author":[{"embeddable":true,"href":"https:\/\/24formosa.com.ar\/index.php?rest_route=\/wp\/v2\/users\/3"}],"replies":[{"embeddable":true,"href":"https:\/\/24formosa.com.ar\/index.php?rest_route=%2Fwp%2Fv2%2Fcomments&post=23118"}],"version-history":[{"count":1,"href":"https:\/\/24formosa.com.ar\/index.php?rest_route=\/wp\/v2\/posts\/23118\/revisions"}],"predecessor-version":[{"id":23121,"href":"https:\/\/24formosa.com.ar\/index.php?rest_route=\/wp\/v2\/posts\/23118\/revisions\/23121"}],"wp:featuredmedia":[{"embeddable":true,"href":"https:\/\/24formosa.com.ar\/index.php?rest_route=\/wp\/v2\/media\/23120"}],"wp:attachment":[{"href":"https:\/\/24formosa.com.ar\/index.php?rest_route=%2Fwp%2Fv2%2Fmedia&parent=23118"}],"wp:term":[{"taxonomy":"category","embeddable":true,"href":"https:\/\/24formosa.com.ar\/index.php?rest_route=%2Fwp%2Fv2%2Fcategories&post=23118"},{"taxonomy":"post_tag","embeddable":true,"href":"https:\/\/24formosa.com.ar\/index.php?rest_route=%2Fwp%2Fv2%2Ftags&post=23118"}],"curies":[{"name":"wp","href":"https:\/\/api.w.org\/{rel}","templated":true}]}}