{"id":23108,"date":"2019-02-19T20:26:49","date_gmt":"2019-02-19T23:26:49","guid":{"rendered":"https:\/\/24formosa.com.ar\/?p=23108"},"modified":"2023-01-16T11:41:21","modified_gmt":"2023-01-16T14:41:21","slug":"el-gobernador-insfran-abrira-el-1-de-marzo-el-periodo-ordinario-de-sesiones-en-diputados","status":"publish","type":"post","link":"https:\/\/24formosa.com.ar\/?p=23108","title":{"rendered":"El gobernador Insfr\u00e1n abrir\u00e1 el 1\u00b0 de marzo el per\u00edodo ordinario de sesiones en Diputados"},"content":{"rendered":"\n<p>\n\nEL Presidente Provisional de la Honorable Legislatura, Dr. Armando Felipe Cabrera, convoc\u00f3 a Sesi\u00f3n Especial de Asamblea para el 1\u00ba de marzo de 2019, a las 10.00 horas, a efectos de la apertura del per\u00edodo cuadrag\u00e9simo sexto de sesiones ordinarias, donde el Gobernador Gildo Insfran pronunciar\u00e1 el mensaje al pueblo de Formosa.<\/p>\n\n\n\n<p>La medida se adopt\u00f3 mediante resoluci\u00f3n 002\/19, dando cumplimiento al art\u00edculo 142, inciso 7\u00ba de la Constituci\u00f3n Provincial, y que se relaciona al per\u00edodo de sesiones ordinarias de la C\u00e1mara de Diputados y a la apertura de la misma, donde el gobernador \u201ctiene la atribuci\u00f3n y el deber de informar sobre el estado general de la administraci\u00f3n y el movimiento de fondos que se hubiere producido dentro y fuera del presupuesto general durante el ejercicio anterior\u201d.-\n\n<\/p>\n","protected":false},"excerpt":{"rendered":"<p>EL Presidente Provisional de la Honorable Legislatura, Dr. Armando Felipe Cabrera, convoc\u00f3 a Sesi\u00f3n Especial<\/p>\n","protected":false},"author":3,"featured_media":23110,"comment_status":"open","ping_status":"open","sticky":false,"template":"","format":"standard","meta":{"footnotes":""},"categories":[1],"tags":[],"class_list":["post-23108","post","type-post","status-publish","format-standard","has-post-thumbnail","hentry","category-noticias"],"_links":{"self":[{"href":"https:\/\/24formosa.com.ar\/index.php?rest_route=\/wp\/v2\/posts\/23108","targetHints":{"allow":["GET"]}}],"collection":[{"href":"https:\/\/24formosa.com.ar\/index.php?rest_route=\/wp\/v2\/posts"}],"about":[{"href":"https:\/\/24formosa.com.ar\/index.php?rest_route=\/wp\/v2\/types\/post"}],"author":[{"embeddable":true,"href":"https:\/\/24formosa.com.ar\/index.php?rest_route=\/wp\/v2\/users\/3"}],"replies":[{"embeddable":true,"href":"https:\/\/24formosa.com.ar\/index.php?rest_route=%2Fwp%2Fv2%2Fcomments&post=23108"}],"version-history":[{"count":1,"href":"https:\/\/24formosa.com.ar\/index.php?rest_route=\/wp\/v2\/posts\/23108\/revisions"}],"predecessor-version":[{"id":23111,"href":"https:\/\/24formosa.com.ar\/index.php?rest_route=\/wp\/v2\/posts\/23108\/revisions\/23111"}],"wp:featuredmedia":[{"embeddable":true,"href":"https:\/\/24formosa.com.ar\/index.php?rest_route=\/wp\/v2\/media\/23110"}],"wp:attachment":[{"href":"https:\/\/24formosa.com.ar\/index.php?rest_route=%2Fwp%2Fv2%2Fmedia&parent=23108"}],"wp:term":[{"taxonomy":"category","embeddable":true,"href":"https:\/\/24formosa.com.ar\/index.php?rest_route=%2Fwp%2Fv2%2Fcategories&post=23108"},{"taxonomy":"post_tag","embeddable":true,"href":"https:\/\/24formosa.com.ar\/index.php?rest_route=%2Fwp%2Fv2%2Ftags&post=23108"}],"curies":[{"name":"wp","href":"https:\/\/api.w.org\/{rel}","templated":true}]}}