{"id":23099,"date":"2019-02-19T20:03:28","date_gmt":"2019-02-19T23:03:28","guid":{"rendered":"https:\/\/24formosa.com.ar\/?p=23099"},"modified":"2023-01-16T11:41:21","modified_gmt":"2023-01-16T14:41:21","slug":"fontex-realizara-este-miercoles-entrega-de-130-mil-guardapolvos","status":"publish","type":"post","link":"https:\/\/24formosa.com.ar\/?p=23099","title":{"rendered":"Fontex realizar\u00e1 este mi\u00e9rcoles entrega de 130 mil guardapolvos"},"content":{"rendered":"\n<p> Este mi\u00e9rcoles a las 10 horas, en la f\u00e1brica que posee el Fontex en el Parque Industrial,\u00a0 se realizar\u00e1 la entrega al gobierno provincial de 130 mil guardapolvos que formaran parte de los kits escolares que el gobierno entregara a los escolares y estudiantes, incluso docentes, de toda la provincia con vistas al inicio de clases de este a\u00f1o.<\/p>\n\n\n\n<p>Se trata del aporte que realiza el programa de Desarrollo Productivo Industrial del sector textil, que re\u00fane a unas 750 personas que trabajan en m\u00e1s de medio centenar de organizaciones asociadas en\u00a0 cooperativas y consorcios, quienes a lo largo del a\u00f1o produjeron esta cantidad de guardapolvos.<\/p>\n\n\n\n<p>Estos delantales ser\u00e1n parte de un total de 210.000 kits escolares: 130 mil guardapolvos y 111 mil pares de zapatillas para alumnos de los niveles Inicial, Primario como as\u00ed tambi\u00e9n indumentaria a los docentes de todo el territorio provincial. A lo que se suma, indumentaria deportiva y ambos para el personal que trabaja en \u00e1reas de la salud p\u00fablica.\u00a0 \u00a0<\/p>\n\n\n\n<p>Esta es la estrategia de gobierno de fortalecer una pol\u00edtica orientada a la sustituci\u00f3n de importaciones para la fabricaci\u00f3n en el \u00e1mbito local de productos y elementos que agreguen valor y permitan que se genere trabajo y la renta quede en la provincia.<\/p>\n\n\n\n<p><strong>Presentaci\u00f3n de Chaco-Tex<\/strong><\/p>\n\n\n\n<p>En conjunto con esta actividad y con la presencia del ministro de Industria, Comercio y Servicios de Chaco, Gustavo Ferrer se realizara la presentaci\u00f3n de la tercera edici\u00f3n de Chaco Tex. Sera en el marco de un acto a realizarse este jueves 28 de febrero y 1\u00b0 de marzo en la Casa de las Culturas de la ciudad de Resistencia.<\/p>\n\n\n\n<p>Chaco Tex, es el encuentro de dise\u00f1o, moda y cultura, a trav\u00e9s del cual se propone potenciar y fortalecer el sector a nivel regional, ofreciendo seminarios, sal\u00f3n de exposiciones y desfiles de moda.<\/p>\n\n\n\n<p>Formosa estar\u00e1 presente con dise\u00f1adores locales quienes se suman a la ya confirmada presencia de referentes del rubro de provincias de la regi\u00f3n, el evento ser\u00e1 un excelente espacio de intercambio de experiencias a nivel regional.<\/p>\n\n\n\n<p><\/p>\n","protected":false},"excerpt":{"rendered":"<p>Este mi\u00e9rcoles a las 10 horas, en la f\u00e1brica que posee el Fontex en el<\/p>\n","protected":false},"author":3,"featured_media":23100,"comment_status":"open","ping_status":"open","sticky":false,"template":"","format":"standard","meta":{"footnotes":""},"categories":[1],"tags":[],"class_list":["post-23099","post","type-post","status-publish","format-standard","has-post-thumbnail","hentry","category-noticias"],"_links":{"self":[{"href":"https:\/\/24formosa.com.ar\/index.php?rest_route=\/wp\/v2\/posts\/23099","targetHints":{"allow":["GET"]}}],"collection":[{"href":"https:\/\/24formosa.com.ar\/index.php?rest_route=\/wp\/v2\/posts"}],"about":[{"href":"https:\/\/24formosa.com.ar\/index.php?rest_route=\/wp\/v2\/types\/post"}],"author":[{"embeddable":true,"href":"https:\/\/24formosa.com.ar\/index.php?rest_route=\/wp\/v2\/users\/3"}],"replies":[{"embeddable":true,"href":"https:\/\/24formosa.com.ar\/index.php?rest_route=%2Fwp%2Fv2%2Fcomments&post=23099"}],"version-history":[{"count":1,"href":"https:\/\/24formosa.com.ar\/index.php?rest_route=\/wp\/v2\/posts\/23099\/revisions"}],"predecessor-version":[{"id":23101,"href":"https:\/\/24formosa.com.ar\/index.php?rest_route=\/wp\/v2\/posts\/23099\/revisions\/23101"}],"wp:featuredmedia":[{"embeddable":true,"href":"https:\/\/24formosa.com.ar\/index.php?rest_route=\/wp\/v2\/media\/23100"}],"wp:attachment":[{"href":"https:\/\/24formosa.com.ar\/index.php?rest_route=%2Fwp%2Fv2%2Fmedia&parent=23099"}],"wp:term":[{"taxonomy":"category","embeddable":true,"href":"https:\/\/24formosa.com.ar\/index.php?rest_route=%2Fwp%2Fv2%2Fcategories&post=23099"},{"taxonomy":"post_tag","embeddable":true,"href":"https:\/\/24formosa.com.ar\/index.php?rest_route=%2Fwp%2Fv2%2Ftags&post=23099"}],"curies":[{"name":"wp","href":"https:\/\/api.w.org\/{rel}","templated":true}]}}