{"id":23042,"date":"2019-02-12T20:34:40","date_gmt":"2019-02-12T23:34:40","guid":{"rendered":"https:\/\/24formosa.com.ar\/?p=23042"},"modified":"2023-01-16T11:41:23","modified_gmt":"2023-01-16T14:41:23","slug":"otro-proyecto-provincial-desfinanciado-por-decision-politica-del-estado-nacional","status":"publish","type":"post","link":"https:\/\/24formosa.com.ar\/?p=23042","title":{"rendered":"Otro proyecto provincial desfinanciado por decisi\u00f3n pol\u00edtica del estado nacional"},"content":{"rendered":"\n<p>Finalmente, el Gobierno Nacional comunic\u00f3 a la provincia de Formosa que no financiar\u00e1 el proyecto provincial para la gesti\u00f3n integral de los residuos s\u00f3lidos urbanos, a pesar de que esta iniciativa ya estaba aprobada.<\/p>\n\n\n\n<p>As\u00ed lo expuso el subsecretario de Recursos, Naturales, Ordenamiento y Calidad Ambiental, el doctor Hugo Bay, manifestando que \u00abse cumpli\u00f3 lo que hab\u00eda vaticinado el gobernador Gildo Insfr\u00e1n hace unos meses atr\u00e1s respecto del tema del financiamiento del proyecto provincial para la gesti\u00f3n integral de los residuos s\u00f3lidos urbanos\u00bb.<br><br>Record\u00f3 que \u00aben uno de los operativos Por Nuestra Gente, Todo el gobernador Insfr\u00e1n explic\u00f3 que, a pesar de haber sido aprobado este proyecto, primero hubo un silencio por parte de la Naci\u00f3n que establec\u00eda que el financiamiento no iba a llegar. A fines del a\u00f1o pasado, de manera muy desprolija y hasta irrespetuosa, sin formalidad alguna, nos hicieron saber que efectivamente por una decisi\u00f3n pol\u00edtica del m\u00e1s alto nivel la provincia de Formosa no iba a contar con esos fondos\u00bb.<br><br>Esta decisi\u00f3n plasma \u00abel desprecio con el que el Gobierno Nacional toma temas que son tan importantes como los ambientales\u00bb, asever\u00f3 Bay, remarcando que \u00aben el caso de Formosa la financiaci\u00f3n para la instalaci\u00f3n de las plantas de procesamiento y reciclado era a trav\u00e9s de organismos internacionales, porque nuestra provincia decidi\u00f3 hacer primero su estrategia provincial, por lo cual se trabaj\u00f3 durante dos a\u00f1os de manera muy seria con intendentes del territorio provincial, t\u00e9cnicos de la Naci\u00f3n y consultoras para determinar d\u00f3nde deb\u00edan estar esas plantas, de manera que sea sustentable\u00bb.<br><br>\u00abSe hizo una distribuci\u00f3n geogr\u00e1fica y se determin\u00f3 que las plantas de separaci\u00f3n deb\u00edan estar en la ciudad capital, Piran\u00e9 y Lomitas. En el medio estaba prevista la instalaci\u00f3n de plantas de acopio y tambi\u00e9n de rellenos sanitarios, que es una manera de hacer disposici\u00f3n final en los lugares donde hay mucha acumulaci\u00f3n de basura org\u00e1nica\u00bb, puntualiz\u00f3 el funcionario.<\/p>\n\n\n\n<p>Sostuvo que \u00abel proyecto miraba todo esto, desde una escala m\u00e1s grande, con mirada integral y sist\u00e9mica, lo cual iba a significar al ponerse en marcha el proyecto la soluci\u00f3n para los pr\u00f3ximos 30 a\u00f1os de la problem\u00e1tica de los residuos s\u00f3lidos en toda la provincia\u00bb.<br><br><strong>Idas y venidas<\/strong><br><br>Bay detall\u00f3 que \u00abtrabajamos con mucha seriedad y se lleg\u00f3 a la firma del convenio. El organismo financiero iba a ser en este caso el Banco Interamericano de Desarrollo (BID) y de gran parte de ese pr\u00e9stamo se iba a hacer cargo la Naci\u00f3n porque as\u00ed estaba previsto. Gana las elecciones el Gobierno de Mauricio Macri y comenzamos a tener conversaciones con el entonces ministro de Medio Ambiente el rabino Sergio Bergman, quien vino incluso a Formosa y dijo que la Naci\u00f3n solamente se iba a hacer cargo de una sola planta de separaci\u00f3n y relleno sanitario, la de la ciudad de Formosa\u00bb.<br><br>\u00abNosotros le dijimos que el proyecto era integral y que no ten\u00eda sentido desmembrarlo, pero nos respondi\u00f3 que \u00edbamos a empezar con eso. Se hizo la audiencia p\u00fablica el 1\u00b0 de julio de 2016, junto con la Municipalidad de Formosa, con una enorme expectativa porque pensamos que se iba a arrancar en la ciudad capital\u00bb, comentando que \u00abpasa el tiempo y no ten\u00edamos novedades, pero nos enteramos que el BID hab\u00eda aprobado nuestro proyecto. Entonces, ah\u00ed es donde se empieza a ver que el Gobierno Nacional no ten\u00eda intenciones de cumplir con su obligaci\u00f3n que era el contrato que hab\u00eda asumido hacerlo con Formosa\u00bb.<br><br>Subray\u00f3 el funcionario que \u00abes lamentable porque no te dec\u00edan de frente lo que finalmente sucedi\u00f3: una decisi\u00f3n pol\u00edtica de excluir a Formosa porque no tiene el mismo signo pol\u00edtico\u00bb, reproch\u00f3, lamentando que \u00abpriman los intereses pol\u00edticos por sobre las necesidades de un territorio y sus habitantes\u00bb.<br><br>Finalmente, a fines del a\u00f1o pasado \u00abcon un simple llamado telef\u00f3nico de una persona de cuarta o quinta l\u00ednea nos informan que por decisi\u00f3n pol\u00edtica de la Jefatura de Gabinete de la Naci\u00f3n, de Marcos Pe\u00f1a, a Formosa no ven\u00eda el financiamiento\u00bb.<br><br>\u00abInclusive, el gobernador Insfr\u00e1n hab\u00eda ofrecido hacerse cargo de las cuotas del pr\u00e9stamo, que s\u00f3lo la Naci\u00f3n firme y la provincia se hac\u00eda cargo; s\u00f3lo se necesitaba la firma, pero nada, hubo silencio y despu\u00e9s, en uno de los informes ante el Congreso de Marcos Pe\u00f1a, el diputado Luis Basterra le pregunta por el tema y Pe\u00f1a contest\u00f3 y minti\u00f3 diciendo que el proyecto no estaba aprobado. Adem\u00e1s de eliminarlo, lo hacen con una mentira falaz, enga\u00f1ando, as\u00ed que lamentamos esta situaci\u00f3n que se suma a esta actitud de desidia del Gobierno Nacional para con Formosa, cercen\u00e1ndonos otra obra m\u00e1s\u00bb, finaliz\u00f3 el doctor Bay.<\/p>\n","protected":false},"excerpt":{"rendered":"<p>Finalmente, el Gobierno Nacional comunic\u00f3 a la provincia de Formosa que no financiar\u00e1 el proyecto<\/p>\n","protected":false},"author":3,"featured_media":23043,"comment_status":"open","ping_status":"open","sticky":false,"template":"","format":"standard","meta":{"footnotes":""},"categories":[1],"tags":[],"class_list":["post-23042","post","type-post","status-publish","format-standard","has-post-thumbnail","hentry","category-noticias"],"_links":{"self":[{"href":"https:\/\/24formosa.com.ar\/index.php?rest_route=\/wp\/v2\/posts\/23042","targetHints":{"allow":["GET"]}}],"collection":[{"href":"https:\/\/24formosa.com.ar\/index.php?rest_route=\/wp\/v2\/posts"}],"about":[{"href":"https:\/\/24formosa.com.ar\/index.php?rest_route=\/wp\/v2\/types\/post"}],"author":[{"embeddable":true,"href":"https:\/\/24formosa.com.ar\/index.php?rest_route=\/wp\/v2\/users\/3"}],"replies":[{"embeddable":true,"href":"https:\/\/24formosa.com.ar\/index.php?rest_route=%2Fwp%2Fv2%2Fcomments&post=23042"}],"version-history":[{"count":1,"href":"https:\/\/24formosa.com.ar\/index.php?rest_route=\/wp\/v2\/posts\/23042\/revisions"}],"predecessor-version":[{"id":23044,"href":"https:\/\/24formosa.com.ar\/index.php?rest_route=\/wp\/v2\/posts\/23042\/revisions\/23044"}],"wp:featuredmedia":[{"embeddable":true,"href":"https:\/\/24formosa.com.ar\/index.php?rest_route=\/wp\/v2\/media\/23043"}],"wp:attachment":[{"href":"https:\/\/24formosa.com.ar\/index.php?rest_route=%2Fwp%2Fv2%2Fmedia&parent=23042"}],"wp:term":[{"taxonomy":"category","embeddable":true,"href":"https:\/\/24formosa.com.ar\/index.php?rest_route=%2Fwp%2Fv2%2Fcategories&post=23042"},{"taxonomy":"post_tag","embeddable":true,"href":"https:\/\/24formosa.com.ar\/index.php?rest_route=%2Fwp%2Fv2%2Ftags&post=23042"}],"curies":[{"name":"wp","href":"https:\/\/api.w.org\/{rel}","templated":true}]}}