{"id":23028,"date":"2019-02-10T09:50:56","date_gmt":"2019-02-10T12:50:56","guid":{"rendered":"https:\/\/24formosa.com.ar\/?p=23028"},"modified":"2019-02-10T09:50:58","modified_gmt":"2019-02-10T12:50:58","slug":"suspendieron-por-tormenta-jornada-sabatina-de-la-fiesta-de-la-corvina","status":"publish","type":"post","link":"https:\/\/24formosa.com.ar\/?p=23028","title":{"rendered":"Suspendieron por tormenta jornada sabatina de la Fiesta de la Corvina"},"content":{"rendered":"\n<p>\n\nEl temporal de abundante lluvia y fuertes r\u00e1fagas de viento que se desat\u00f3 a \u00faltima hora de la tarde sabatina en la localidad de Herradura, obligo a la suspensi\u00f3n del festival y todo el programa enmarcado en la Fiesta Nacional de la Corvina.<\/p>\n\n\n\n<p>La violencia del temporal afect\u00f3 a sectores del escenario y otras infraestructuras montadas para la fiesta, con lo cual y sobre todo por seguridad de las personas, se opto por suspender las actividades.<\/p>\n\n\n\n<p>En cuanto a la programaci\u00f3n prevista para este domingo, desde la organizaci\u00f3n se indico que se evaluar\u00e1 en las pr\u00f3ximas horas la evoluci\u00f3n de las condiciones del clima y en funci\u00f3n a ello se decidir\u00e1 e informara de manera inmediata.\n\n<\/p>\n","protected":false},"excerpt":{"rendered":"<p>El temporal de abundante lluvia y fuertes r\u00e1fagas de viento que se desat\u00f3 a \u00faltima<\/p>\n","protected":false},"author":3,"featured_media":23029,"comment_status":"open","ping_status":"open","sticky":false,"template":"","format":"standard","meta":{"footnotes":""},"categories":[1],"tags":[],"class_list":["post-23028","post","type-post","status-publish","format-standard","has-post-thumbnail","hentry","category-noticias"],"_links":{"self":[{"href":"https:\/\/24formosa.com.ar\/index.php?rest_route=\/wp\/v2\/posts\/23028","targetHints":{"allow":["GET"]}}],"collection":[{"href":"https:\/\/24formosa.com.ar\/index.php?rest_route=\/wp\/v2\/posts"}],"about":[{"href":"https:\/\/24formosa.com.ar\/index.php?rest_route=\/wp\/v2\/types\/post"}],"author":[{"embeddable":true,"href":"https:\/\/24formosa.com.ar\/index.php?rest_route=\/wp\/v2\/users\/3"}],"replies":[{"embeddable":true,"href":"https:\/\/24formosa.com.ar\/index.php?rest_route=%2Fwp%2Fv2%2Fcomments&post=23028"}],"version-history":[{"count":1,"href":"https:\/\/24formosa.com.ar\/index.php?rest_route=\/wp\/v2\/posts\/23028\/revisions"}],"predecessor-version":[{"id":23030,"href":"https:\/\/24formosa.com.ar\/index.php?rest_route=\/wp\/v2\/posts\/23028\/revisions\/23030"}],"wp:featuredmedia":[{"embeddable":true,"href":"https:\/\/24formosa.com.ar\/index.php?rest_route=\/wp\/v2\/media\/23029"}],"wp:attachment":[{"href":"https:\/\/24formosa.com.ar\/index.php?rest_route=%2Fwp%2Fv2%2Fmedia&parent=23028"}],"wp:term":[{"taxonomy":"category","embeddable":true,"href":"https:\/\/24formosa.com.ar\/index.php?rest_route=%2Fwp%2Fv2%2Fcategories&post=23028"},{"taxonomy":"post_tag","embeddable":true,"href":"https:\/\/24formosa.com.ar\/index.php?rest_route=%2Fwp%2Fv2%2Ftags&post=23028"}],"curies":[{"name":"wp","href":"https:\/\/api.w.org\/{rel}","templated":true}]}}