{"id":23025,"date":"2019-02-10T09:41:59","date_gmt":"2019-02-10T12:41:59","guid":{"rendered":"https:\/\/24formosa.com.ar\/?p=23025"},"modified":"2023-01-16T11:41:23","modified_gmt":"2023-01-16T14:41:23","slug":"batiendo-records-historicos-cierra-la-17-fiesta-de-la-corvina-de-rio","status":"publish","type":"post","link":"https:\/\/24formosa.com.ar\/?p=23025","title":{"rendered":"Batiendo r\u00e9cords hist\u00f3ricos, cierra la 17\u00b0 Fiesta de la Corvina de R\u00edo"},"content":{"rendered":"\n<p>\n\nTraspasando records hist\u00f3ricos en cuanto a convocatoria, tanto de participantes en los concursos de pescas que superaron por lejos los seiscientos, como tambi\u00e9n de asistentes disfrutando del amplio programa de esparcimiento, cierra este domingo la 17\u00b0 edici\u00f3n de la Fiesta Nacional de la Corvina de Rio en la vecina villa tur\u00edstica de Herradura.<\/p>\n\n\n\n<p>El encuentro que tuvo al gobernador Gildo Insfran inaugurando obras la noche del viernes y asistiendo al festival, ratific\u00f3 su posicionamiento como festividad clave en el norte argentino.<\/p>\n\n\n\n<p>Con entrada libre y gratuita, el festival reuni\u00f3 en su jornada apertura a 45 mil personas en el inmenso predio que durante tres jornadas concentrara a los n\u00fameros art\u00edsticos, con el colombiano Sebastian Yatra como gran atracci\u00f3n en la jornada inicio, confirmo el diputado nacional Ramiro Fern\u00e1ndez Patri.<\/p>\n\n\n\n<p>\u201cLa caracter\u00edstica principal del festival, tal vez, es su capacidad para cautivar a personas de todas las generaciones y ofrecer espect\u00e1culos musicales con b\u00fasquedas diversas. Por ejemplo, conviv\u00edan en el mismo lugar la tradici\u00f3n chamamecera, el folklore, el rok, el pop, vallenatos y diversos g\u00e9neros del gusto popular\u201d, destacaron coincidentes los organizadores.<\/p>\n\n\n\n<p>Un satisfecho Fern\u00e1ndez Patri expuso que \u201cla noche inaugural tuvimos un record hist\u00f3rico de asistentes al festival con 45 mil personas. Vinieron de toda la provincia y la regi\u00f3n NEA-Litoral, adem\u00e1s de los vecinos paraguayos\u201d. Considera que \u201ctodo lo vivido marca un paso m\u00e1s dentro del acentuado proceso de consolidar a Herradura como villa tur\u00edstica del norte argentino y punto importante dentro del corredor litorale\u00f1o\u201d<\/p>\n\n\n\n<p>En esta l\u00ednea sostuvo que \u201cel gobierno provincial mantiene un plan de obras de infraestructura y mejora de servicios, como accesos enripiados a complejos de caba\u00f1as, sistemas lum\u00ednicos, paseos p\u00fablicos, una hermosa playa y en general todo lo que haga a una villa mucho m\u00e1s bonita y con todas las comodidades que ofrecer a visitantes\u201d.<\/p>\n\n\n\n<p>Afirmo que \u201cla fiesta es generadora de un importante movimiento comercial, que se aprecia en los complejos de alojamiento y sobre todo en la expo-feria que ofrece lo mejor de la gastronom\u00eda y artesan\u00eda formose\u00f1a\u201d.<\/p>\n\n\n\n<p>El legislador que ocupa la vicepresidencia de la comisi\u00f3n de Turismo en la C\u00e1mara Baja, significo que \u201cen un momento del pa\u00eds con una profunda crisis, el gobierno provincial invirte recursos genuinos junto al Consejo Federal de Inversiones, y hacen posible que el pueblo formose\u00f1o en particular, pueda disfrutar en forma libre y gratuita de un espect\u00e1culo de esta naturaleza\u201d.<\/p>\n\n\n\n<p>Destaco que \u201cel artista colombiano Sebasti\u00e1n Yatra se mostro sorprendido y no pod\u00eda creer la cantidad de p\u00fablico, el cari\u00f1o, la calidez y respeto que demostr\u00f3. Vino de estar en EEUU, este s\u00e1bado se presentaba en Villa Mar\u00eda (C\u00f3rdoba) donde para verlo hay que pagar la entrada, y aqu\u00ed lo tuvimos gratis dando un show de alt\u00edsimo nivel internacional de manera libre, es algo que no se da en muchos lugares\u201d, Asimismo, pondero la calidad de los artistas locales, que cautivaron a la multitud con sus repertorios.<\/p>\n\n\n\n<p>Otra faceta subrayada fue la \u201ctarea articulada en materia de seguridad entre la Polic\u00eda Provincial, Gendarmer\u00eda y Prefectura, tarea impecable que permiti\u00f3 que no tengamos que lamentar ning\u00fan incidente mayor\u201d.<\/p>\n\n\n\n<p>No dejo de mencionar la importante cobertura de medios de prensa, tanto local como nacional. \u201cEstuvo gente de Cr\u00f3nica, C5N, TV P\u00fablica, Argentin\u00edsima Satelital, Canal 26, radios como Del Plata y Continental, algunos incluso tomaron en vivo la trasmisi\u00f3n satelital del festival por largos espacios\u201d. Considera que \u201ces otro claro indicio de que la fiesta est\u00e1 adquiriendo una dimensi\u00f3n importante y existe inter\u00e9s en verla,&nbsp; hasta tuvimos la visita de modelos destacadas del pa\u00eds como Sofia Savoy y Janah Grinfeld\u201d.<\/p>\n\n\n\n<p><strong>Grilla de artistas<\/strong><\/p>\n\n\n\n<p>Durante la fiesta que cerrara este domingo, destacados artistas locales, nacionales y de renombre internacional actuar\u00e1n.<\/p>\n\n\n\n<p>Domingo 10: Los hijos de los Barrios El Arisco, Mario Jazmin, Serenateros, Yanina Godoy y el Turco Amir se cuentan\u00a0 entre los grupos destacados de ritmos como el chamame y folklore.<\/p>\n\n\n\n<p>Tina Valdez (Pop), el FolkRock de Quorum y de Cecilia y Sr, Vinilo, el mejor rock nacional con Turf, Federico Baldus y Tina Valdez con el mejor pop formose\u00f1o o Los Diablitos y sus ballenatos aparecen en la grilla dominguera.<\/p>\n\n\n\n<p>Programaci\u00f3n del escenario playero anticipa para la jornada sabatina que estar\u00e1n: Suena para vos, Chicho Fernandez, La Calandria, Los Marucho, Jose Luis y los Iracundo, El Golpe y Reencuentro Qom.\n\n<\/p>\n","protected":false},"excerpt":{"rendered":"<p>Traspasando records hist\u00f3ricos en cuanto a convocatoria, tanto de participantes en los concursos de pescas<\/p>\n","protected":false},"author":3,"featured_media":23026,"comment_status":"open","ping_status":"open","sticky":false,"template":"","format":"standard","meta":{"footnotes":""},"categories":[1],"tags":[],"class_list":["post-23025","post","type-post","status-publish","format-standard","has-post-thumbnail","hentry","category-noticias"],"_links":{"self":[{"href":"https:\/\/24formosa.com.ar\/index.php?rest_route=\/wp\/v2\/posts\/23025","targetHints":{"allow":["GET"]}}],"collection":[{"href":"https:\/\/24formosa.com.ar\/index.php?rest_route=\/wp\/v2\/posts"}],"about":[{"href":"https:\/\/24formosa.com.ar\/index.php?rest_route=\/wp\/v2\/types\/post"}],"author":[{"embeddable":true,"href":"https:\/\/24formosa.com.ar\/index.php?rest_route=\/wp\/v2\/users\/3"}],"replies":[{"embeddable":true,"href":"https:\/\/24formosa.com.ar\/index.php?rest_route=%2Fwp%2Fv2%2Fcomments&post=23025"}],"version-history":[{"count":1,"href":"https:\/\/24formosa.com.ar\/index.php?rest_route=\/wp\/v2\/posts\/23025\/revisions"}],"predecessor-version":[{"id":23027,"href":"https:\/\/24formosa.com.ar\/index.php?rest_route=\/wp\/v2\/posts\/23025\/revisions\/23027"}],"wp:featuredmedia":[{"embeddable":true,"href":"https:\/\/24formosa.com.ar\/index.php?rest_route=\/wp\/v2\/media\/23026"}],"wp:attachment":[{"href":"https:\/\/24formosa.com.ar\/index.php?rest_route=%2Fwp%2Fv2%2Fmedia&parent=23025"}],"wp:term":[{"taxonomy":"category","embeddable":true,"href":"https:\/\/24formosa.com.ar\/index.php?rest_route=%2Fwp%2Fv2%2Fcategories&post=23025"},{"taxonomy":"post_tag","embeddable":true,"href":"https:\/\/24formosa.com.ar\/index.php?rest_route=%2Fwp%2Fv2%2Ftags&post=23025"}],"curies":[{"name":"wp","href":"https:\/\/api.w.org\/{rel}","templated":true}]}}