{"id":23019,"date":"2019-02-08T21:31:36","date_gmt":"2019-02-09T00:31:36","guid":{"rendered":"https:\/\/24formosa.com.ar\/?p=23019"},"modified":"2023-01-16T11:41:24","modified_gmt":"2023-01-16T14:41:24","slug":"planteo-ante-la-justicia-federal-contra-el-tarifazo-nacional-al-servicio-electrico","status":"publish","type":"post","link":"https:\/\/24formosa.com.ar\/?p=23019","title":{"rendered":"Planteo ante la justicia federal contra el tarifazo nacional al servicio el\u00e9ctrico"},"content":{"rendered":"\n<p>\n\nAnte el Juzgado Federal, la Defensor\u00eda del Pueblo de Formosa, junto a gremios como ATE, CTA y SADOP y organizaciones sociales, aunaron un planteo judicial -acci\u00f3n de amparo- contra la Resoluci\u00f3n N\u00ba 366\/18 de la Secretar\u00eda de Energ\u00eda de la Naci\u00f3n, que se estableci\u00f3 un nuevo tarifazo en el costo del servicio de energ\u00eda el\u00e9ctrica.<\/p>\n\n\n\n<p>El defensor Jos\u00e9 Leonardo Gialluca, explic\u00f3 que \u201cen nombre y representaci\u00f3n de todos los usuarios del servicio de energ\u00eda el\u00e9ctrica de la provincia, la Defensor\u00eda del Pueblo interpuso ante el Juzgado Federal una acci\u00f3n de amparo contra la Resoluci\u00f3n N\u00ba 366\/18 dictada por la Secretar\u00eda de Energ\u00eda de la Naci\u00f3n que determin\u00f3 un incremento de casi 55% en el costo de la energ\u00eda el\u00e9ctrica\u201d.<\/p>\n\n\n\n<p>\u201cSi bien esta suba todav\u00eda no est\u00e1 impactando en las boletas que reciben los usuarios, ya est\u00e1 vigente a partir del 1\u00ba de febrero\u201d, advirti\u00f3.<\/p>\n\n\n\n<p>Remarc\u00f3 que \u201chemos logrado aglutinar en una acci\u00f3n de amparo a las Delegaciones de Formosa de los gremios CTA, ATE y SADOP y con representantes sociales como Fabi\u00e1n Sinsig, titular de la Asociaci\u00f3n de Radiodifusores de Formosa (ARFOR), con el objetivo de que pueda determinarse legalmente la inconstitucionalidad de esta resoluci\u00f3n irracional y confiscatoria\u201d.<\/p>\n\n\n\n<p>Cabe se\u00f1alar que acciones como este amparo que ha presentado la Defensor\u00eda de Formosa ante la Justicia \u201ctambi\u00e9n se est\u00e1n dando en otros lugares del pa\u00eds, de hecho se vienen realizando en otras provincias como Buenos Aires, Chaco y Corrientes, donde presentaciones fueron acompa\u00f1adas por intendentes, concejales y una serie de representantes pol\u00edticos y sociales porque el dictado de esta resoluci\u00f3n se ha hecho sin audiencia p\u00fablica y sin respetar los principios que la Corte Suprema de Justicia de la Naci\u00f3n ha determinado en su momento para cuando se toca el valor de un servicio p\u00fablico\u201d.<\/p>\n\n\n\n<p>\u201cEs totalmente ilegal porque ac\u00e1 no se ha tenido en cuenta la proporcionalidad, si es confiscatorio o no, si puede ser pagada por los usuarios o no\u201d, subray\u00f3 el doctor Gialluca, alertando que \u201ccuando impacte este porcentaje en la factura de la luz va a ser totalmente impagable para los usuarios formose\u00f1os. O pagamos la factura o comemos. \u00c9sa es la realidad econ\u00f3mica que estamos viendo hoy.\u201d<\/p>\n\n\n\n<p>A trav\u00e9s de este amparo \u201cpretendemos que se deje sin efecto el aumento del 55% y que se retrotraiga la situaci\u00f3n a las resoluciones dictadas por lo que era la otrora Subsecretar\u00eda de Energ\u00eda de la Naci\u00f3n y que hoy es la Secretar\u00eda de Energ\u00eda a cargo de (Gustavo) Lopetegui\u201d.<\/p>\n\n\n\n<p>Tambi\u00e9n reprendi\u00f3 los dichos de Juan Jos\u00e9 Aranguren, ex ministro de Energ\u00eda del Gobierno de Mauricio Macri, quien hab\u00eda manifestado que no estaba de acuerdo con que \u201cla energ\u00eda sea un derecho humano\u201d. Por el contrario, en declaraciones period\u00edsticas, insisti\u00f3 en que se trata de un \u201cbien escaso\u201d y que \u201chay que pagarlo\u201d.<\/p>\n\n\n\n<p>\u201cA diferencia de Aranguren, nosotros s\u00ed consideramos que la energ\u00eda es un derecho humano y un servicio esencial porque los formose\u00f1os no podemos vivir sin tener un ventilador, una heladera o un split\u201d, asever\u00f3 Gialluca.<\/p>\n\n\n\n<p>En el mismo escrito de presentaci\u00f3n los demandantes solicitaron el apartamiento del Juez Federal, Fernando Carbajal, dado que \u201cel mismo en oportunidad de desempe\u00f1arse como Fiscal de Estado de la provincia de Corrientes, ha representado los intereses de la Direcci\u00f3n Provincial de Energ\u00eda de aquella provincia (DPEC) y en tal funci\u00f3n adelant\u00f3 criterios relacionados con la causa tra\u00edda a su conocimiento\u201d. Ello, explico \u201cen cuanto, contrario al criterio de la Corte Suprema, no considera necesario el cumplimiento del deber de informar a los usuarios previo al aumento de tarifas y considera adem\u00e1s que la Justicia no debe intervenir en cuestiones del Poder Ejecutivo, como la fijaci\u00f3n de precios de los servicios p\u00fablicos\u201d.<br>\u201cEl magistrado puede apartarse voluntariamente, subray\u00f3 Gialluca, no obstante, de no hacerlo la C\u00e1mara de Apelaciones de Resistencia decidir\u00e1 sobre la cuesti\u00f3n. En cuanto a c\u00f3mo sigue la medida existe una Ley Nacional, la 16.986, que rige este proceso, los plazos son sumamente breves y media obligaci\u00f3n de la Justicia de expedirse en los t\u00e9rminos previstos\u201d.<\/p>\n\n\n\n<p><strong>Pagamos la luz o comemos<\/strong><\/p>\n\n\n\n<p>Asimismo, Gerardo Delgado, secretario general de la CTA Aut\u00f3noma de Formosa, indic\u00f3 que \u201cvinimos de manera concurrente con la Defensor\u00eda del Pueblo, con los compa\u00f1eros de ATE y la Asociaci\u00f3n de Radiodifusores, a hacer esta presentaci\u00f3n en el marco de lo que entendemos es un tarifazo que viene a golpear el bolsillo y el est\u00f3mago de los formose\u00f1os, porque o tenemos tarifas que sean razonables y que podamos afrontarlas todos los ciudadanos en un Estado de Derecho, considerando al servicio de energ\u00eda el\u00e9ctrica como un derecho humano, o pensamos que es solamente un bien o una mercanc\u00eda del mercado\u201d.<\/p>\n\n\n\n<p>\u201cDesde nuestro frente social nosotros creemos que la energ\u00eda el\u00e9ctrica es de consumo y es b\u00e1sica para la supervivencia de los seres humanos \u2013enfatiz\u00f3 el dirigente gremial-. En ese marco vinimos a acompa\u00f1ar esta presentaci\u00f3n porque consideramos que los tarifazos nos van a poner en una disyuntiva: o comemos o pagamos la luz\u201d, aseverando que \u201coptamos por comer porque creemos que tenemos que tener las condiciones b\u00e1sicas para la supervivencia\u201d.\u00a0\u00a0<\/p>\n\n\n\n<p>Por su parte, el profesor Sinsig advirti\u00f3 que \u201cestamos viviendo una situaci\u00f3n compleja, no solamente para instituciones como la nuestra que es una ONG y diversas organizaciones de la sociedad, sino para los ciudadanos comunes, las familias, que ya venimos sufriendo durante todo este tiempo y que ahora se suma este nuevo tarifazo, sin ning\u00fan tipo de miramientos hacia los que no pueden pagar\u201d.<\/p>\n\n\n\n<p>\u201cLa situaci\u00f3n realmente es dram\u00e1tica y tiende a empeorar con este tipo de decisiones pol\u00edticas del Gobierno Nacional de Macri que se plasman en estas resoluciones\u201d, lament\u00f3.<\/p>\n\n\n\n<p>Hizo notar que \u201cnos sumamos de una a la iniciativa de la Defensor\u00eda del Pueblo porque consideramos que es uno de los caminos\u201d, se\u00f1alando que \u201cde igual manera como organizaciones sociales y gremiales, junto a otras instituciones, vamos a realizar manifestaciones y protestas para tratar de revertir esta situaci\u00f3n y para que la Naci\u00f3n tenga un miramiento diferente y sensibilidad social, por sobre todas las cosas\u201d, finaliz\u00f3.<br><\/p>\n","protected":false},"excerpt":{"rendered":"<p>Ante el Juzgado Federal, la Defensor\u00eda del Pueblo de Formosa, junto a gremios como ATE,<\/p>\n","protected":false},"author":3,"featured_media":23020,"comment_status":"open","ping_status":"open","sticky":false,"template":"","format":"standard","meta":{"footnotes":""},"categories":[1],"tags":[],"class_list":["post-23019","post","type-post","status-publish","format-standard","has-post-thumbnail","hentry","category-noticias"],"_links":{"self":[{"href":"https:\/\/24formosa.com.ar\/index.php?rest_route=\/wp\/v2\/posts\/23019","targetHints":{"allow":["GET"]}}],"collection":[{"href":"https:\/\/24formosa.com.ar\/index.php?rest_route=\/wp\/v2\/posts"}],"about":[{"href":"https:\/\/24formosa.com.ar\/index.php?rest_route=\/wp\/v2\/types\/post"}],"author":[{"embeddable":true,"href":"https:\/\/24formosa.com.ar\/index.php?rest_route=\/wp\/v2\/users\/3"}],"replies":[{"embeddable":true,"href":"https:\/\/24formosa.com.ar\/index.php?rest_route=%2Fwp%2Fv2%2Fcomments&post=23019"}],"version-history":[{"count":1,"href":"https:\/\/24formosa.com.ar\/index.php?rest_route=\/wp\/v2\/posts\/23019\/revisions"}],"predecessor-version":[{"id":23021,"href":"https:\/\/24formosa.com.ar\/index.php?rest_route=\/wp\/v2\/posts\/23019\/revisions\/23021"}],"wp:featuredmedia":[{"embeddable":true,"href":"https:\/\/24formosa.com.ar\/index.php?rest_route=\/wp\/v2\/media\/23020"}],"wp:attachment":[{"href":"https:\/\/24formosa.com.ar\/index.php?rest_route=%2Fwp%2Fv2%2Fmedia&parent=23019"}],"wp:term":[{"taxonomy":"category","embeddable":true,"href":"https:\/\/24formosa.com.ar\/index.php?rest_route=%2Fwp%2Fv2%2Fcategories&post=23019"},{"taxonomy":"post_tag","embeddable":true,"href":"https:\/\/24formosa.com.ar\/index.php?rest_route=%2Fwp%2Fv2%2Ftags&post=23019"}],"curies":[{"name":"wp","href":"https:\/\/api.w.org\/{rel}","templated":true}]}}