{"id":23016,"date":"2019-02-08T16:40:00","date_gmt":"2019-02-08T19:40:00","guid":{"rendered":"https:\/\/24formosa.com.ar\/?p=23016"},"modified":"2023-01-16T11:41:24","modified_gmt":"2023-01-16T14:41:24","slug":"obras-del-gobierno-en-diferentes-frentes-mitigan-impacto-del-embate-del-pilcomayo","status":"publish","type":"post","link":"https:\/\/24formosa.com.ar\/?p=23016","title":{"rendered":"Obras del gobierno en diferentes frentes mitigan impacto del embate del Pilcomayo"},"content":{"rendered":"\n<p>Los m\u00e1s de 220 kil\u00f3metros de defensas, fortalecidas e intervenidas con trabajos correctivos en sectores cr\u00edticos, adem\u00e1s de 150 kil\u00f3metros de correderas, medio centenar de maquinarias viales y un centenar y medio de obreros, dentro de una aceitada log\u00edstica, forman parte del despliegue provincial tendiente a mitigar el impacto de la nueva crecida del rio Pilcomayo.<\/p>\n\n\n\n<p>Y todo lo antes descrito se est\u00e1 produciendo desde hace ya tiempo en diferentes frentes de trabajo, los cuales fueron monitoreados en terreno durante las \u00faltimas horas por funcionarios del estado provincial, como el administrador de la DPV, Fernando De Vido, quien junto al ministro de Planificaci\u00f3n, Daniel Malich, observo el \u201cadecuado funcionamiento defensas y correderas ante el pico de crecida que esta escurriendo con gran carga de sedimentos y material flotante en el extremo oeste, y las obras hechas est\u00e1n atemperando\u201d.<\/p>\n\n\n\n<p>Sostuvo que \u201ctodo el sistema de defensas, terraplenes y correderas que el Gobierno provincial ejecut\u00f3 en la zona oeste del territorio se encuentra funcionando en forma adecuada ante el pico de crecida del r\u00edo Pilcomayo que se est\u00e1 dando en las \u00faltimas horas. La Naci\u00f3n, nuevamente, se desentendi\u00f3 de la problem\u00e1tica\u201d.<\/p>\n\n\n\n<p>Expuso que en estos momentos una nutrida comitiva de funcionarios provinciales y equipos t\u00e9cnicos se encuentra efectuando un seguimiento permanente en toda la zona cr\u00edtica del r\u00edo Pilcomayo, puntualmente en el oeste formose\u00f1o.<\/p>\n\n\n\n<p>De Vido precis\u00f3 que \u00ablas aguas ya ingresaron a nuestro territorio hace m\u00e1s de 24 horas en la zona de la embocadura y los vol\u00famenes m\u00e1ximos de esta riada estaban llegando a La Rinconada\u00bb.<\/p>\n\n\n\n<p>Refiri\u00f3 que \u00abvemos un comportamiento adecuado de todo el sistema de defensas, al igual que el funcionamiento de los terraplenes que contienen los desbordes del r\u00edo Pilcomayo, desde la embocadura hasta La Rinconada, cumpliendo el rol de proteger a toda la poblaci\u00f3n\u00bb, se\u00f1alando que \u00abestamos evaluando y monitoreando permanentemente la situaci\u00f3n\u00bb.<\/p>\n\n\n\n<p>En ese sentido subray\u00f3 que \u00abha sido todo un desarrollo que se viene llevando a cabo desde la provincia ya hace varios a\u00f1os que son dos trabajos: el mantenimiento de las correderas, que son los lugares donde se encauzan las aguas, y la construcci\u00f3n de los terraplenes, los cuales evitan los desbordes\u00bb.<\/p>\n\n\n\n<p>\u00abLa ejecuci\u00f3n de esos trabajos se dio por una fuerte inversi\u00f3n del Gobierno provincial, en lo econ\u00f3mico-financiero, que los hemos desarrollado en el segundo semestre del a\u00f1o pasado y en lo que va del 2019 justamente para enfrentar estas contingencias\u00bb, remarc\u00f3.<\/p>\n\n\n\n<p>Tras informar que \u00ablas rutas est\u00e1n todas operativas\u00bb, dijo que \u00aben este momento tenemos la contingencia de una crecida m\u00e1xima, que en forma planificada con trabajos estamos mitigando y acompa\u00f1ando ante una eventualidad a toda la poblaci\u00f3n\u00bb.<br><br><strong>Zona del ba\u00f1ado<\/strong><br><br>Respecto al reclamo de un grupo de productores y pobladores de la zona del ba\u00f1ado La Estrella sobre la apertura de la compuerta que permitir\u00eda, seg\u00fan indicaron, alivianar la situaci\u00f3n de posible desborde e inundaci\u00f3n sobre la zona que abarca la ruta 28, De Vido dijo que \u201chay mal informaci\u00f3n o mala intenci\u00f3n\u201d.<\/p>\n\n\n\n<p>\u201cEstamos trabajando al norte de Las Lomitas, en Fort\u00edn Soledad, recreciendo la defensa y construyendo un terrapl\u00e9n para contener el desborde del ba\u00f1ado, es un camino de Soledad a Churcalito; y eso ha permitido que con los niveles de agua m\u00e1s altos, mantener la transitabilidad de la ruta de acceso que es la 32, tanto los productores como los pobladores que est\u00e9n al sur de Soledad\u201d, marc\u00f3 De Vido.<\/p>\n\n\n\n<p>Con respecto a lo estrictamente atinente a la ruta 28, dijo que \u201cno incide la apertura o no de la compuerta, porque est\u00e1 regulado y la superficie del embalse que forma est\u00e1 dentro de lo establecido de los par\u00e1metros normales; hoy est\u00e1 abierta la compuerta sobre el R\u00edo Salado y adem\u00e1s el vertedero est\u00e1 funcionando en niveles que no son de ning\u00fan tipo los niveles m\u00e1ximos, tiene valores normales\u201d.<br><br><strong>Ausencia nacional<\/strong><br><br>Ante la \u201causencia\u201d y nuevo \u201cabandono por parte de la Naci\u00f3n\u201d, De Vido enfatiz\u00f3 que \u00abhay que acompa\u00f1ar a los pobladores y llevar adelante distintos programas como lo est\u00e1 haciendo el Gobierno provincial para en forma planificada se enfrente esta contingencia\u00bb.&nbsp;<\/p>\n\n\n\n<p>\u00abNo s\u00e9 qu\u00e9 trabajos estar\u00e1n haciendo (los delegados locales de organismos nacionales en la zona), porque lo que se necesita ah\u00ed es una presencia permanente de equipos de trabajos, como s\u00ed lo est\u00e1 haciendo el Gobierno provincial\u00bb, acentu\u00f3.<\/p>\n\n\n\n<p>Hizo notar que \u00abFormosa recibe los efectos de la crecida del Pilcomayo, el agua, las 140 millones de toneladas de sedimentos y todas las consecuencias de un r\u00edo con un torrente de agua que est\u00e1 afectando hoy a los Departamentos del oeste, pero cuando veamos transcurridos los d\u00edas esa masa h\u00eddrica se viene por el coraz\u00f3n de la provincia trasladando hasta llegar a desembocar en cauces interiores sobre el r\u00edo Paraguay. Y en el paso por todo el territorio afecta a la zona del oeste y luego al centro, donde estamos trabajando en La Rinconada, Las Lomitas, etc\u00e9tera, y posteriormente debemos adecuarnos en todo lo que es la franja central y norte de la ruta 81, en el este provincial\u00bb.<\/p>\n\n\n\n<p>Al opinar sobre este nuevo desapego federal para con la provincia, expuso: \u00abse vive con impotencia porque este es un tema nacional e internacional porque Formosa est\u00e1 recibiendo las consecuencias y los efectos en nuestra poblaci\u00f3n y nuestro territorio de algo que es un fen\u00f3meno natural y din\u00e1mico que tiene particularidades \u00fanicas en el mundo; el Pilcomayo es uno de los pocos r\u00edos que trae un caudal as\u00ed y 140 millones de toneladas de sedimento\u00bb.<\/p>\n\n\n\n<p>\u00abPor eso estamos reclamando que se necesita una atenci\u00f3n particular de este tema, por ser internacional y nacional y por presentar una gravedad que nos est\u00e1 afectando a todo un territorio provincial\u00bb, asever\u00f3, marcando que \u00abel Estado Nacional tiene que estar presente con todos sus organismos y recursos para atender la defensa de la poblaci\u00f3n y del territorio\u00bb, sostuvo finalmente.<\/p>\n","protected":false},"excerpt":{"rendered":"<p>Los m\u00e1s de 220 kil\u00f3metros de defensas, fortalecidas e intervenidas con trabajos correctivos en sectores<\/p>\n","protected":false},"author":3,"featured_media":23017,"comment_status":"open","ping_status":"open","sticky":false,"template":"","format":"standard","meta":{"footnotes":""},"categories":[1],"tags":[],"class_list":["post-23016","post","type-post","status-publish","format-standard","has-post-thumbnail","hentry","category-noticias"],"_links":{"self":[{"href":"https:\/\/24formosa.com.ar\/index.php?rest_route=\/wp\/v2\/posts\/23016","targetHints":{"allow":["GET"]}}],"collection":[{"href":"https:\/\/24formosa.com.ar\/index.php?rest_route=\/wp\/v2\/posts"}],"about":[{"href":"https:\/\/24formosa.com.ar\/index.php?rest_route=\/wp\/v2\/types\/post"}],"author":[{"embeddable":true,"href":"https:\/\/24formosa.com.ar\/index.php?rest_route=\/wp\/v2\/users\/3"}],"replies":[{"embeddable":true,"href":"https:\/\/24formosa.com.ar\/index.php?rest_route=%2Fwp%2Fv2%2Fcomments&post=23016"}],"version-history":[{"count":1,"href":"https:\/\/24formosa.com.ar\/index.php?rest_route=\/wp\/v2\/posts\/23016\/revisions"}],"predecessor-version":[{"id":23018,"href":"https:\/\/24formosa.com.ar\/index.php?rest_route=\/wp\/v2\/posts\/23016\/revisions\/23018"}],"wp:featuredmedia":[{"embeddable":true,"href":"https:\/\/24formosa.com.ar\/index.php?rest_route=\/wp\/v2\/media\/23017"}],"wp:attachment":[{"href":"https:\/\/24formosa.com.ar\/index.php?rest_route=%2Fwp%2Fv2%2Fmedia&parent=23016"}],"wp:term":[{"taxonomy":"category","embeddable":true,"href":"https:\/\/24formosa.com.ar\/index.php?rest_route=%2Fwp%2Fv2%2Fcategories&post=23016"},{"taxonomy":"post_tag","embeddable":true,"href":"https:\/\/24formosa.com.ar\/index.php?rest_route=%2Fwp%2Fv2%2Ftags&post=23016"}],"curies":[{"name":"wp","href":"https:\/\/api.w.org\/{rel}","templated":true}]}}