{"id":23010,"date":"2019-02-08T16:21:27","date_gmt":"2019-02-08T19:21:27","guid":{"rendered":"https:\/\/24formosa.com.ar\/?p=23010"},"modified":"2023-01-16T11:41:25","modified_gmt":"2023-01-16T14:41:25","slug":"advierten-sobre-nueva-medida-nacional-en-perjuicio-de-los-jubilados-formosenos","status":"publish","type":"post","link":"https:\/\/24formosa.com.ar\/?p=23010","title":{"rendered":"Advierten sobre nueva medida nacional en perjuicio de los jubilados formose\u00f1os"},"content":{"rendered":"\n<p>Un gran revuelo gener\u00f3 en las \u00faltimas horas la reciente resoluci\u00f3n interna de la Administraci\u00f3n Nacional de la Seguridad Social (ANSeS) que determin\u00f3 que a aquellos jubilados que perciban al menos dos beneficios previsionales (por ejemplo, jubilaci\u00f3n y pensi\u00f3n del sistema nacional) se les aplicar\u00e1 un nuevo esquema de c\u00e1lculo del Impuesto a las Ganancias cuando su ingreso total sea superior a seis veces el haber mensual m\u00ednimo ($55.854).<\/p>\n\n\n\n<p>Al respecto, el administrador de la Caja de Previsi\u00f3n Social (CPS), Gustavo L\u00f3pez Pe\u00f1a, advirti\u00f3 que \u00abla medida repercutir\u00e1 en Formosa, teniendo en cuenta que el Impuesto a las Ganancias es nacional y nosotros como organismo de retenci\u00f3n tenemos que retener de todos nuestros jubilados lo que tiene que ver con este impuesto, as\u00ed que todos los jubilados provinciales est\u00e1n alcanzados por esta medida del Gobierno Nacional\u00bb.&nbsp;<\/p>\n\n\n\n<p>Inform\u00f3 el funcionario que \u00abtenemos un gabinete de asesoramiento que tiene que ver con el impuesto, as\u00ed que les pedimos a todos los jubilados de la CPS que se acerquen a nuestra instituci\u00f3n para que sean informados sobre lo que tiene que ver con el alcance de esta medida del Gobierno Nacional\u00bb.<\/p>\n\n\n\n<p>Asimismo, tras indicar que la Caja cuenta con alrededor de 23 mil beneficiarios en toda la provincia, puso de relieve que \u00ablos jubilados provinciales siempre tienen un haber m\u00ednimo mayor que a nivel nacional y eso tiene que ver con la modalidad que tenemos en Formosa a partir de todos los aumentos que da el gobernador Gildo Insfr\u00e1n a los activos que autom\u00e1ticamente son trasladados a los pasivos\u00bb.<\/p>\n\n\n\n<p>Destac\u00f3 en ese sentido la suba de salarios que se dio en la provincia, remarcando que \u00abFormosa siempre estuvo a nivel nacional como una de las que m\u00e1s aumentos otorg\u00f3 a sus activos, es decir que venimos sosteniendo estos montos a lo largo de todos estos a\u00f1os\u00bb.<\/p>\n\n\n\n<p>En contraste, L\u00f3pez Pe\u00f1a lament\u00f3 que \u00abnuestros jubilados nacionales no est\u00e9n pasando por un buen momento\u00bb, subrayando que \u00abcada vez con mayor afluencia se acercan a la Caja de Previsi\u00f3n para solicitar alg\u00fan tipo de contenci\u00f3n o ayuda, ya que desde el \u00e1mbito provincial tienen la obra social, la asistencia m\u00e9dica, el programa de beneficios, las actividades extra, etc\u00e9tera\u00bb.<br><br><strong>Soberan\u00eda previsional<\/strong><br><br>Expuso el funcionario que, a diferencia de la Naci\u00f3n, desde donde se sigue echando mano a los alica\u00eddos bolsillos de los jubilados y pensionados, en Formosa \u00ablas banderas que nosotros levantamos desde el Gobierno provincial tienen que ver con nuestra soberan\u00eda previsional y autonom\u00eda econ\u00f3mica en cuanto al pago de las jubilaciones\u00bb.<\/p>\n\n\n\n<p>\u00abQueremos hacerles saber a los jubilados y a los activos principalmente que las jubilaciones se sostienen con los fondos del Tesoro Provincial, m\u00e1s all\u00e1 de que la Naci\u00f3n gire montos que tengan que ver con cubrir una parte del d\u00e9ficit que se produce, lo cual es una obligaci\u00f3n nacional, pero las jubilaciones se pagan a nuestros beneficiarios en tiempo y forma gracias a una actividad administrativa-financiera totalmente transparente y ordenada\u00bb, resalt\u00f3.<br><br>Ponder\u00f3 \u00abla importancia que le dio el gobernador Insfr\u00e1n a este sistema provincial, que no lo ha transferido y lo sostiene con una decisi\u00f3n pol\u00edtica\u00bb, por lo cual consider\u00f3 trascendental \u00absostener y trabajar\u00bb para que \u00absea sustentable y siempre est\u00e9 en la esfera de la provincia\u00bb, concluy\u00f3.<\/p>\n","protected":false},"excerpt":{"rendered":"<p>Un gran revuelo gener\u00f3 en las \u00faltimas horas la reciente resoluci\u00f3n interna de la Administraci\u00f3n<\/p>\n","protected":false},"author":3,"featured_media":23011,"comment_status":"open","ping_status":"open","sticky":false,"template":"","format":"standard","meta":{"footnotes":""},"categories":[1],"tags":[],"class_list":["post-23010","post","type-post","status-publish","format-standard","has-post-thumbnail","hentry","category-noticias"],"_links":{"self":[{"href":"https:\/\/24formosa.com.ar\/index.php?rest_route=\/wp\/v2\/posts\/23010","targetHints":{"allow":["GET"]}}],"collection":[{"href":"https:\/\/24formosa.com.ar\/index.php?rest_route=\/wp\/v2\/posts"}],"about":[{"href":"https:\/\/24formosa.com.ar\/index.php?rest_route=\/wp\/v2\/types\/post"}],"author":[{"embeddable":true,"href":"https:\/\/24formosa.com.ar\/index.php?rest_route=\/wp\/v2\/users\/3"}],"replies":[{"embeddable":true,"href":"https:\/\/24formosa.com.ar\/index.php?rest_route=%2Fwp%2Fv2%2Fcomments&post=23010"}],"version-history":[{"count":1,"href":"https:\/\/24formosa.com.ar\/index.php?rest_route=\/wp\/v2\/posts\/23010\/revisions"}],"predecessor-version":[{"id":23012,"href":"https:\/\/24formosa.com.ar\/index.php?rest_route=\/wp\/v2\/posts\/23010\/revisions\/23012"}],"wp:featuredmedia":[{"embeddable":true,"href":"https:\/\/24formosa.com.ar\/index.php?rest_route=\/wp\/v2\/media\/23011"}],"wp:attachment":[{"href":"https:\/\/24formosa.com.ar\/index.php?rest_route=%2Fwp%2Fv2%2Fmedia&parent=23010"}],"wp:term":[{"taxonomy":"category","embeddable":true,"href":"https:\/\/24formosa.com.ar\/index.php?rest_route=%2Fwp%2Fv2%2Fcategories&post=23010"},{"taxonomy":"post_tag","embeddable":true,"href":"https:\/\/24formosa.com.ar\/index.php?rest_route=%2Fwp%2Fv2%2Ftags&post=23010"}],"curies":[{"name":"wp","href":"https:\/\/api.w.org\/{rel}","templated":true}]}}