{"id":22994,"date":"2019-02-06T09:38:58","date_gmt":"2019-02-06T12:38:58","guid":{"rendered":"https:\/\/24formosa.com.ar\/?p=22994"},"modified":"2023-01-16T11:33:07","modified_gmt":"2023-01-16T14:33:07","slug":"gran-reunion-de-jovenes-y-dirigentes-en-las-lomitas-para-ratificar-un-apoyo-incondicional-al-gobernador-insfran","status":"publish","type":"post","link":"https:\/\/24formosa.com.ar\/?p=22994","title":{"rendered":"Gran reuni\u00f3n de j\u00f3venes y dirigentes en Las Lomitas para ratificar un \u201capoyo incondicional\u201d al gobernador Insfr\u00e1n"},"content":{"rendered":"\n<p>Encuentro de militantes y dirigentes bajo la consigna #TodosUnidos, con compromiso y en defensa del proyecto de provincia en marcha.<\/p>\n\n\n\n<p>En la noche del martes se llev\u00f3 a cabo el<strong> \u201cEncuentro de la Dirigencia y la Juventud\u201d <\/strong>en Las Lomitas, ciudad del centro-oeste de la provincia que reuni\u00f3 a un centenar de dirigentes y militantes peronistas de toda la zona y recibi\u00f3 la visita de dirigentes del justicialismo provincial.<\/p>\n\n\n\n<p>El encuentro de car\u00e1cter participativo cont\u00f3 con la organizaci\u00f3n de la dirigencia local del Partido Justicialista y el acompa\u00f1amiento de j\u00f3venes y militantes de trayectoria. Se desarroll\u00f3 bajo la consigna<strong> \u201cDemostremos nuestro compromiso #TodosUnidos con nuestro Partido Justicialista y en apoyo a nuestro gobernador Gildo Insfr\u00e1n\u201d.<\/strong><\/p>\n\n\n\n<p>En la oportunidad, hubo momentos de ponencias y escucha junto a dirigentes, militantes, simpatizantes, j\u00f3venes de las comunidades originarias, docentes, trabajadores, militantes radicales, entre otros, en una verdadera convocatoria sobre la actualidad de la militancia peronista y a tono con el acompa\u00f1amiento indiscutible al proyecto de provincia en marcha.<\/p>\n\n\n\n<div class=\"wp-block-image\"><figure class=\"aligncenter\"><img decoding=\"async\" src=\"http:\/\/atiliobasualdo.com.ar\/wp-content\/uploads\/2019\/02\/Reunion1-1024x1024.jpg\" alt=\"\" class=\"wp-image-13769\"\/><\/figure><\/div>\n\n\n\n<p>El intendente local Atilio Basualdo junto a los concejales Pablo Basualdo y Marcelo Lara, as\u00ed como dirigentes peronistas de Las Lomitas y la zona, estuvieron a cargo de recibir la visita del presidente del Bloque de Diputados Provinciales del PJ, Agust\u00edn Samaniego; y del director de Asuntos Juveniles provincial, Fernando Galarza.<\/p>\n\n\n\n<p><strong>\u201cCon mucha alegr\u00eda y un manifiesto compromiso militante, desde Las Lomitas demostramos nuestro incondicional apoyo a la gesti\u00f3n de gobierno que lleva adelante el compa\u00f1ero gobernador Gildo Insfr\u00e1n, m\u00e1s a\u00fan en este dif\u00edcil momento que estamos atravesando a nivel nacional\u201d,<\/strong> afirm\u00f3 el intendente Basualdo.<\/p>\n\n\n\n<div class=\"wp-block-image\"><figure class=\"aligncenter\"><img decoding=\"async\" src=\"http:\/\/atiliobasualdo.com.ar\/wp-content\/uploads\/2019\/02\/Reunion3-1024x1024.jpg\" alt=\"\" class=\"wp-image-13771\"\/><\/figure><\/div>\n\n\n\n<p><strong>Hoja de ruta<\/strong><\/p>\n\n\n\n<p>Entre lo expresado en la ocasi\u00f3n, hubo marcadas coincidencias en torno a la necesidad de continuar con las obras y acciones que se vienen llevando adelante en Las Lomitas, el centro-oeste de la provincia y en todo el territorio formose\u00f1o, y que abarcan diferentes \u00e1reas como salud, educaci\u00f3n, seguridad, conectividad, caminos, entre otros.<\/p>\n\n\n\n<p><strong>\u201cEl proyecto de provincia en el marco del Modelo Formose\u00f1o, es nuestra hoja de ruta en el camino hacia la transformaci\u00f3n definitiva de nuestra provincia, por eso debemos defenderlo y continuar trabajando todos unidos\u201d<\/strong>, aseguraron los dirigentes y militantes.<\/p>\n\n\n\n<figure class=\"wp-block-image\"><img decoding=\"async\" src=\"http:\/\/atiliobasualdo.com.ar\/wp-content\/uploads\/2019\/02\/Reunion5-1024x1024.jpg\" alt=\"\" class=\"wp-image-13773\"\/><\/figure>\n\n\n\n<p>As\u00ed como solicitaron <strong>\u201cseguir con una militancia activa, los siete d\u00edas de la semana, no solo de cara al a\u00f1o electoral que estamos comenzando, sino como parte de un acompa\u00f1amiento integral a cada una de las familias formose\u00f1as que por alg\u00fan motivo est\u00e9n atravesando un momento de necesidad o urgencia. Tenemos que estar en todo momento al lado de los que m\u00e1s necesitan\u201d.<\/strong><\/p>\n\n\n\n<p>Al igual realizaron<strong> \u201cun llamamiento a la unidad, que es un compromiso de todos: sin distinci\u00f3n de ninguna naturaleza tenemos que mantener, como siempre, abiertas las puertas de nuestro proyecto pol\u00edtico, que nos incluye a todos y ya se ha constituido como un patrimonio de todos los formose\u00f1os\u201d.<\/strong><\/p>\n\n\n<p><!--EndFragment--><br>\n<br>\n<\/p>","protected":false},"excerpt":{"rendered":"<p>Encuentro de militantes y dirigentes bajo la consigna #TodosUnidos, con compromiso y en defensa del<\/p>\n","protected":false},"author":3,"featured_media":22995,"comment_status":"open","ping_status":"open","sticky":false,"template":"","format":"standard","meta":{"footnotes":""},"categories":[1],"tags":[],"class_list":["post-22994","post","type-post","status-publish","format-standard","has-post-thumbnail","hentry","category-noticias"],"_links":{"self":[{"href":"https:\/\/24formosa.com.ar\/index.php?rest_route=\/wp\/v2\/posts\/22994","targetHints":{"allow":["GET"]}}],"collection":[{"href":"https:\/\/24formosa.com.ar\/index.php?rest_route=\/wp\/v2\/posts"}],"about":[{"href":"https:\/\/24formosa.com.ar\/index.php?rest_route=\/wp\/v2\/types\/post"}],"author":[{"embeddable":true,"href":"https:\/\/24formosa.com.ar\/index.php?rest_route=\/wp\/v2\/users\/3"}],"replies":[{"embeddable":true,"href":"https:\/\/24formosa.com.ar\/index.php?rest_route=%2Fwp%2Fv2%2Fcomments&post=22994"}],"version-history":[{"count":1,"href":"https:\/\/24formosa.com.ar\/index.php?rest_route=\/wp\/v2\/posts\/22994\/revisions"}],"predecessor-version":[{"id":22996,"href":"https:\/\/24formosa.com.ar\/index.php?rest_route=\/wp\/v2\/posts\/22994\/revisions\/22996"}],"wp:featuredmedia":[{"embeddable":true,"href":"https:\/\/24formosa.com.ar\/index.php?rest_route=\/wp\/v2\/media\/22995"}],"wp:attachment":[{"href":"https:\/\/24formosa.com.ar\/index.php?rest_route=%2Fwp%2Fv2%2Fmedia&parent=22994"}],"wp:term":[{"taxonomy":"category","embeddable":true,"href":"https:\/\/24formosa.com.ar\/index.php?rest_route=%2Fwp%2Fv2%2Fcategories&post=22994"},{"taxonomy":"post_tag","embeddable":true,"href":"https:\/\/24formosa.com.ar\/index.php?rest_route=%2Fwp%2Fv2%2Ftags&post=22994"}],"curies":[{"name":"wp","href":"https:\/\/api.w.org\/{rel}","templated":true}]}}