{"id":22990,"date":"2019-02-04T22:20:08","date_gmt":"2019-02-05T01:20:08","guid":{"rendered":"https:\/\/24formosa.com.ar\/?p=22990"},"modified":"2023-01-16T11:36:57","modified_gmt":"2023-01-16T14:36:57","slug":"ya-se-vive-la-fiesta-de-la-corvina","status":"publish","type":"post","link":"https:\/\/24formosa.com.ar\/?p=22990","title":{"rendered":"Ya se vive la Fiesta de la Corvina"},"content":{"rendered":"\n<p>\n\nLos renovados murales que desde este lunes comenzaron a ser emplazados en el Paseo \u201cChavela Pernochi\u201d de Herradura y la puesta a punto de todos los sectores que concentraran el amplio programa de actividades, -sobre todo el camping de la playa y el espacio de 11 hect\u00e1reas \u201cMilico\u201d Fleitas-, marcan que comenz\u00f3 la cuenta regresiva de la 17\u00b0 Fiesta Nacional de la Corvina.<\/p>\n\n\n\n<p>Este lunes desde horas tempranas se realizo una reuni\u00f3n de trabajo en la localidad, donde el jefe comunal Juan Carlos G\u00f3mez recibi\u00f3 al diputado nacional Ramiro Fern\u00e1ndez Patri, los subsecretarios de Cultura; Alfredo Jara y de Comunicaci\u00f3n Social, Sergio Recalde, los directores de Transporte, Pablo C\u00f3rdoba y de Infraestructura El\u00e9ctrica, Rub\u00e9n Aranda, entre otros funcionarios de organismos que tienen injerencia en la organizaci\u00f3n de la fiesta.<\/p>\n\n\n\n<p>El casi medio millar de equipos inscriptos para el concurso de pesca, es un claro s\u00edntoma de la enorme expectativa de todo lo que se vivir\u00e1\u00a0 durante a los d\u00edas 8, 9 y 10 de febrero en la villa tur\u00edstica de Herradura.<\/p>\n\n\n\n<p>\u00abCulminamos una ma\u00f1ana de trabajo junto a todo el equipo de coordinaci\u00f3n de organismos nacionales, provinciales y municipales que con mucha sinton\u00eda estuvimos trabajando intensamente este \u00faltimo mes para que Herradura quede en perfectas condiciones para recibir a tantos turistas y visitantes, como ya nos tienen acostumbrados\u00bb, destac\u00f3 Fern\u00e1ndez Patri.<\/p>\n\n\n\n<p>Remarc\u00f3 que \u00abeste a\u00f1o se renuevan las expectativas con un r\u00e9cord de inscriptos en la competencia de pesca, con 443 inscriptos hasta el s\u00e1bado pasado, con lo cual creemos que se van a superar los n\u00fameros hist\u00f3ricos que ha sido de 550 embarcaciones\u00bb.<\/p>\n\n\n\n<p>\u00abTambi\u00e9n tenemos muchas expectativas con la parte art\u00edstica. El d\u00eda viernes 8 va a estar Sebasti\u00e1n Yatra, un artista internacional que ha generado un furor en todo el p\u00fablico regional\u00bb, dijo, subrayando que \u00abse est\u00e1n vendiendo paquetes tur\u00edsticos desde Paraguay o Corrientes para venir a estos recitales, que son libres y gratuitos, como ya pr\u00e1cticamente no existen en el pa\u00eds\u00bb.<\/p>\n\n\n\n<p>El legislador hizo notar a su vez que \u00abtodo esto va a generar un movimiento comercial y tur\u00edstico muy importante en toda Herradura y por eso ya est\u00e1n saturadas las plazas de venta gastron\u00f3mica y hospedaje\u00bb.<\/p>\n\n\n\n<p>Renov\u00f3 \u201cla premisa muy clara del gobernador Gildo Insfr\u00e1n de que estos emprendimientos generen nuevos puestos de trabajos y los consoliden, generando ingresos para los formose\u00f1os e incentivando la radicaci\u00f3n de nuevas inversiones, como est\u00e1 pasando hoy en Herradura, donde han aumentado las ventas de terrenos y aparecen nuevos emprendimientos inmobiliarios\u00bb, signific\u00f3.<\/p>\n\n\n\n<p><strong>Obras<\/strong><\/p>\n\n\n\n<p>El intendente G\u00f3mez optimista dijo que la villa \u201cluce impecable\u201d a partir de las mejoras integrales, desde el enripiado de accesos a emprendimientos como los de complejos de caba\u00f1as y ampli\u00e1ndose infraestructuras, ademas de la instalaci\u00f3n de nuevos transformadores. Anticipo la conclusi\u00f3n&nbsp; de un nuevo sistema lum\u00ednico de m\u00e1s de tres kil\u00f3metros desde el pueblo hasta el balneario, el Paseo \u201cChavela\u201d Pernochi con 32 nuevos murales a lo largo de cuatro cuadras.<\/p>\n\n\n\n<p>El estadio de futbol con sistema lum\u00ednico, vestuarios y tribunas, la nueva planta de agua y extensi\u00f3n&nbsp; de la red a todo el sector de playa con m\u00e1s de 10 mil metros de ca\u00f1er\u00edas, paseos p\u00fablicos hermoseados, para mayor confort de visitantes y al mismo tiempo d\u00e1ndole una fisonom\u00eda muy atrayente a la poblaci\u00f3n.<\/p>\n\n\n\n<p>En la zona de playa se estaba montando un escenario donde muchos artistas dar\u00e1n rienda suelta a las m\u00e1s variadas expresiones del canto y la danza desde la tarde y primeras horas de la noche. Es decir que el mismo p\u00fablico consagrara a los mejores que tendr\u00e1n la oportunidad de presentarse en el escenario mayor<\/p>\n\n\n\n<p>Incluso muy cerca se armaba el sitio donde se llevara a cabo el almuerzo cierre de entrega de premios.<\/p>\n\n\n\n<p>Tambi\u00e9n en este sector todo el fin de se mana entre las 16 y 18 se activara todo el fin de semana \u201cCorvini\u00f1os\u201d, un amplio programa de actividades para el mundo infantil.<\/p>\n\n\n\n<p><strong>Predio a full<\/strong><\/p>\n\n\n\n<p>Asimismo, Jorge Ferro, coordinador de la Fiesta de la Corvina, indic\u00f3 que \u00abuna vez m\u00e1s nos reunimos las distintas \u00e1reas del Gobierno provincial, adem\u00e1s de las fuerzas de seguridad y policiales, recorrimos el predio y vimos que los trabajos est\u00e1n a full. Se est\u00e1 cortando el pasto, rellenando lugares, arm\u00e1ndose el escenario y con los lugares comerciales que se vendieron casi completos\u00bb.<\/p>\n\n\n\n<p>\u00abLos puntos de venta que ten\u00eda asignados ministerio de Turismo ya no quedan m\u00e1s, est\u00e1n todos vendidos, se completaron ya la semana pasada\u00bb, confirm\u00f3.<\/p>\n\n\n\n<p><strong>Pesca<\/strong><\/p>\n\n\n\n<p>Hasta el momento \u00abtenemos 224 embarcaciones a motor inscriptas y 225 a remo, pero todav\u00eda queda casi una semana de inscripci\u00f3n\u00bb, informando que \u00abla inscripci\u00f3n ya sin los descuentos para embarcada a remo vale $1900 y a motor $3600\u00bb.<\/p>\n\n\n\n<p>Las inscripciones estar\u00e1n disponibles en el ministerio de Turismo hasta el d\u00eda viernes a las 20 horas. Despu\u00e9s, los interesados podr\u00e1n anotarse en Herradura: para remo el d\u00eda s\u00e1bado hasta las 7 horas y para embarcada a motor el d\u00eda domingo tambi\u00e9n hasta las 7.<\/p>\n\n\n\n<p>\u00abHabr\u00e1 una guardia del ministerio de Turismo desde las 5 horas en el predio, donde estar\u00e1n inscribiendo\u00bb, dijo Ferro.<\/p>\n\n\n\n<p>El presidente de la Federaci\u00f3n Formose\u00f1a de Pesca, Jorge Otazo, expuso que uno de los cambios importantes para esta edici\u00f3n esta dado en la modificaci\u00f3n en el horario de largada en las dos modalidades de pesca \u2013embarcada a motor y embarcada a remo-. Sera a partir de las 8 a diferencia de antes que&nbsp; era una hora m\u00e1s tarde, y se extender\u00e1 hasta las 12. Ser\u00e1n cuatro horas de pesca como siempre, pero se pretende evitar complicaciones el d\u00eda domingo cuando los pescadores comparten el almuerzo de premiaci\u00f3n.<\/p>\n\n\n\n<p>Expuso que en la zona de largada en la laguna no existen camalotes y el rio Paraguay se encuentra en franco descenso, con lo cual las expectativas son muy buenas.<\/p>\n\n\n\n<p><\/p>\n","protected":false},"excerpt":{"rendered":"<p>Los renovados murales que desde este lunes comenzaron a ser emplazados en el Paseo \u201cChavela<\/p>\n","protected":false},"author":3,"featured_media":22991,"comment_status":"open","ping_status":"open","sticky":false,"template":"","format":"standard","meta":{"footnotes":""},"categories":[1],"tags":[],"class_list":["post-22990","post","type-post","status-publish","format-standard","has-post-thumbnail","hentry","category-noticias"],"_links":{"self":[{"href":"https:\/\/24formosa.com.ar\/index.php?rest_route=\/wp\/v2\/posts\/22990","targetHints":{"allow":["GET"]}}],"collection":[{"href":"https:\/\/24formosa.com.ar\/index.php?rest_route=\/wp\/v2\/posts"}],"about":[{"href":"https:\/\/24formosa.com.ar\/index.php?rest_route=\/wp\/v2\/types\/post"}],"author":[{"embeddable":true,"href":"https:\/\/24formosa.com.ar\/index.php?rest_route=\/wp\/v2\/users\/3"}],"replies":[{"embeddable":true,"href":"https:\/\/24formosa.com.ar\/index.php?rest_route=%2Fwp%2Fv2%2Fcomments&post=22990"}],"version-history":[{"count":1,"href":"https:\/\/24formosa.com.ar\/index.php?rest_route=\/wp\/v2\/posts\/22990\/revisions"}],"predecessor-version":[{"id":22992,"href":"https:\/\/24formosa.com.ar\/index.php?rest_route=\/wp\/v2\/posts\/22990\/revisions\/22992"}],"wp:featuredmedia":[{"embeddable":true,"href":"https:\/\/24formosa.com.ar\/index.php?rest_route=\/wp\/v2\/media\/22991"}],"wp:attachment":[{"href":"https:\/\/24formosa.com.ar\/index.php?rest_route=%2Fwp%2Fv2%2Fmedia&parent=22990"}],"wp:term":[{"taxonomy":"category","embeddable":true,"href":"https:\/\/24formosa.com.ar\/index.php?rest_route=%2Fwp%2Fv2%2Fcategories&post=22990"},{"taxonomy":"post_tag","embeddable":true,"href":"https:\/\/24formosa.com.ar\/index.php?rest_route=%2Fwp%2Fv2%2Ftags&post=22990"}],"curies":[{"name":"wp","href":"https:\/\/api.w.org\/{rel}","templated":true}]}}