{"id":22987,"date":"2019-02-04T22:12:30","date_gmt":"2019-02-05T01:12:30","guid":{"rendered":"https:\/\/24formosa.com.ar\/?p=22987"},"modified":"2023-01-16T11:36:57","modified_gmt":"2023-01-16T14:36:57","slug":"fiesta-de-la-corvina-acordaron-servicio-de-colectivos-a-herradura","status":"publish","type":"post","link":"https:\/\/24formosa.com.ar\/?p=22987","title":{"rendered":"Fiesta de la Corvina: Acordaron servicio de colectivos a Herradura"},"content":{"rendered":"\n<p>\n\nEl director de Transporte de la provincia, el doctor Pablo C\u00f3rdoba, inform\u00f3 que se acord\u00f3 con las empresas Nueva Godoy y Crucero del Sur un servicio especial de colectivos desde Formosa Capital hacia Herradura, donde este fin de semana se llevar\u00e1 a cabo la Fiesta de la Corvina.<\/p>\n\n\n\n<p>\u00abVamos a contar con dos empresas que van a estar prestando el servicio de transporte desde Formosa a Herradura y viceversa, las cuales son Crucero del Sur y la Nueva Godoy\u00bb, se\u00f1al\u00f3 el funcionario.<\/p>\n\n\n\n<p>Coment\u00f3 que el pasado viernes se llev\u00f3 a cabo una reuni\u00f3n con los gerentes de ambas empresas, donde se coordinaron los horarios. \u00abEl d\u00eda viernes los colectivos de Crucero del Sur van a estar saliendo desde la esquina de Espa\u00f1a y 9 de Julio, frente al Teatro de la Ciudad, a partir de las 16 horas; en tanto que Nueva Godoy va a salir a partir de las 19 horas desde frente al Ministerio de Turismo\u00bb.<\/p>\n\n\n\n<p>\u00abHasta las 23 horas van a estar yendo desde Formosa Capital. Una vez que lleguen a Herradura estas unidades van a quedar apostadas all\u00ed, ya que queremos que una vez finalizados los n\u00fameros musicales la gente pueda volver y no se quede sin colectivos para el regreso\u00bb, indic\u00f3.<\/p>\n\n\n\n<p>Detall\u00f3 a su vez que \u00abpara ambas empresas se acord\u00f3 la misma tarifa, que ser\u00e1 de $80 por tramo, los menores de cinco a\u00f1os no van a pagar\u00bb.<\/p>\n\n\n\n<p>En cuanto a las frecuencias dijo que las mismas \u00abvan a ser cada una hora o a medida que se vayan llenando los colectivos, con lo cual si se llenan antes de la hora van a salir antes, sino cada una hora en punto\u00bb.<\/p>\n\n\n\n<p>\u00abEn total se van a afectar unas 22 unidades, siete de la empresa Nueva Godoy y 15 de Crucero del Sur\u00bb, se\u00f1al\u00f3 C\u00f3rdoba. No obstante aclar\u00f3 que \u00abambas me han garantizado que si la demanda supera lo previsto van a incorporar las unidades que sean necesarias\u00bb, agregando que \u00ablas unidades van a ser con aire acondicionado de ambas empresas\u00bb.<\/p>\n\n\n\n<p>Finalmente, consultado sobre el movimiento en la Terminal de \u00d3mnibus de Formosa, el funcionario expuso que \u00abhemos tenido un fuerte movimiento a fines de diciembre y primeros d\u00edas de enero, pero a partir del 10 del mes pasado ha mermado considerablemente\u00bb.<\/p>\n\n\n\n<p>\u00abDecimos que el term\u00f3metro es el estacionamiento de la ETOF y habla a las claras. No hay casi veh\u00edculos y esto tambi\u00e9n demuestra la crisis que est\u00e1 atravesando el sector del transporte que se da a nivel nacional\u00bb, afirm\u00f3 C\u00f3rdoba, estimando que \u00aben los pr\u00f3ximos d\u00edas creo que el movimiento se va a reactivar un poco, teniendo en cuenta que muchos j\u00f3venes retornan a sus centros de estudios\u00bb.<br><\/p>\n","protected":false},"excerpt":{"rendered":"<p>El director de Transporte de la provincia, el doctor Pablo C\u00f3rdoba, inform\u00f3 que se acord\u00f3<\/p>\n","protected":false},"author":3,"featured_media":22988,"comment_status":"open","ping_status":"open","sticky":false,"template":"","format":"standard","meta":{"footnotes":""},"categories":[1],"tags":[],"class_list":["post-22987","post","type-post","status-publish","format-standard","has-post-thumbnail","hentry","category-noticias"],"_links":{"self":[{"href":"https:\/\/24formosa.com.ar\/index.php?rest_route=\/wp\/v2\/posts\/22987","targetHints":{"allow":["GET"]}}],"collection":[{"href":"https:\/\/24formosa.com.ar\/index.php?rest_route=\/wp\/v2\/posts"}],"about":[{"href":"https:\/\/24formosa.com.ar\/index.php?rest_route=\/wp\/v2\/types\/post"}],"author":[{"embeddable":true,"href":"https:\/\/24formosa.com.ar\/index.php?rest_route=\/wp\/v2\/users\/3"}],"replies":[{"embeddable":true,"href":"https:\/\/24formosa.com.ar\/index.php?rest_route=%2Fwp%2Fv2%2Fcomments&post=22987"}],"version-history":[{"count":1,"href":"https:\/\/24formosa.com.ar\/index.php?rest_route=\/wp\/v2\/posts\/22987\/revisions"}],"predecessor-version":[{"id":22989,"href":"https:\/\/24formosa.com.ar\/index.php?rest_route=\/wp\/v2\/posts\/22987\/revisions\/22989"}],"wp:featuredmedia":[{"embeddable":true,"href":"https:\/\/24formosa.com.ar\/index.php?rest_route=\/wp\/v2\/media\/22988"}],"wp:attachment":[{"href":"https:\/\/24formosa.com.ar\/index.php?rest_route=%2Fwp%2Fv2%2Fmedia&parent=22987"}],"wp:term":[{"taxonomy":"category","embeddable":true,"href":"https:\/\/24formosa.com.ar\/index.php?rest_route=%2Fwp%2Fv2%2Fcategories&post=22987"},{"taxonomy":"post_tag","embeddable":true,"href":"https:\/\/24formosa.com.ar\/index.php?rest_route=%2Fwp%2Fv2%2Ftags&post=22987"}],"curies":[{"name":"wp","href":"https:\/\/api.w.org\/{rel}","templated":true}]}}