{"id":22984,"date":"2019-02-04T22:06:29","date_gmt":"2019-02-05T01:06:29","guid":{"rendered":"https:\/\/24formosa.com.ar\/?p=22984"},"modified":"2023-01-16T11:41:26","modified_gmt":"2023-01-16T14:41:26","slug":"despliegan-gran-logistica-ante-alerta-en-rio-pilcomayo","status":"publish","type":"post","link":"https:\/\/24formosa.com.ar\/?p=22984","title":{"rendered":"Despliegan gran log\u00edstica ante alerta en r\u00edo Pilcomayo"},"content":{"rendered":"\n<p>\n\nDesde la cartera de Gobierno provincial, se aseguro que ante el alerta de un pico de crecida extraordinaria del rio Pilcomayo que desde este martes se har\u00eda sentir en nuestro territorio, existe el despliegue de maquinarias, hombres y toda una log\u00edstica a fin de mitigar el impacto que pudiera generar.<\/p>\n\n\n\n<p>\u201cAntes de preocuparnos nos hemos ocupado realizando los trabajos que a\u00f1o a a\u00f1o nos comprometimos llevar adelante a pesar de la falta de apoyo del gobierno nacional\u201d, expuso el ministro de Gobierno, Jorge Abel Gonzalez, quien record\u00f3 que \u201cdesde el a\u00f1o pasado se ejecutaron \u201ctrabajos en varios frentes, tanto en reforzar todo el sistema de defensas y la limpieza de correderas con las rectificaciones en algunos puntos cr\u00edticos\u201d.<\/p>\n\n\n\n<p>Indico que \u201cen estos momentos estamos en una situaci\u00f3n igual a la del a\u00f1o pasado, y que muchos de los que hoy est\u00e1n lanzando las alertas, lo minimizaron\u201d, a\u00f1adiendo que \u201cmantenemos una mirada objetiva en esta cuesti\u00f3n, con lluvias importantes en Bolivia y picos registrados en estaciones de medici\u00f3n del rio Pilcomayo en ese pa\u00eds\u201d.<\/p>\n\n\n\n<p>Dijo que este escenario encuentra al gobierno con el \u201cdespliegue de todo el potencial&nbsp; que tenemos en la zona oeste pensando y preparado en mitigar situaciones que esta crecida pudiera generar\u201d.<\/p>\n\n\n\n<p>Aunque el ministro explico que \u201cla diferencia del a\u00f1o pasado es que el canal paraguayo est\u00e1 funcionando en un porcentaje muy importante, con lo cual lleva agua, sedimentos y materiales flotantes (enormes arboles- que con gran energ\u00eda arrastran las riadas. Esto alivia bastante la situaci\u00f3n en nuestro territorio\u201d, comentando que los vol\u00famenes de agua del ciclo anterior son iguales a los actuales.<\/p>\n\n\n\n<p>\u201cEl a\u00f1o pasado muchos comentaristas de tribunas desment\u00edan nuestras observaciones, pero se terminaron confirmando lo que advert\u00edamos anticipadamente. Ahora antes de ser alarmistas optamos por trabajar con tiempo, lo que nos llevo a mantener controlada la situaci\u00f3n en el escenario de emergencia del ciclo anterior, pese a opiniones cr\u00edticas de alg\u00fan legislador nacional\u201d, expuso.<\/p>\n\n\n\n<p><\/p>\n\n\n\n<p><strong>Relocalizaci\u00f3n de familias<\/strong><\/p>\n\n\n\n<p><\/p>\n\n\n\n<p>Aclaro que ya se vino accionando en la franja contigua al ba\u00f1ado La Estrella, en jurisdicci\u00f3n de La Rinconada con las familias criollas y fueron relocalizadas en terrenos m\u00e1s altos. Incluso sostuvo que el centro de ubicaci\u00f3n transitoria Solidaridad se mantiene funcionando a partir de que familias de El Churcal y La Madrugada permanecen all\u00ed siendo asistidos integralmente.&nbsp; \u201cTenemos toda una log\u00edstica preparada ante una eventualidad que requiera recibir en ese centro a m\u00e1s familias\u201d, afirmo.<\/p>\n\n\n\n<p><\/p>\n\n\n\n<p><strong>Un pico que comenzara a sentirse<\/strong><\/p>\n\n\n\n<p><\/p>\n\n\n\n<p>Refiri\u00f3 a que en la regi\u00f3n opera un Comando de Emergencia, que \u201crealiza un monitoreo permanente de c\u00f3mo se comporta el rio, las maquinas y personal est\u00e1n en la zona y listos a actuar ante noticias de que este martes podr\u00eda estar registr\u00e1ndose los primeros movimientos del pico que se anticipa en la zona de El Caracol, donde ejecutamos importantes obras en rectificaci\u00f3n de correderas y refuerzo de defensas\u201d.<\/p>\n\n\n\n<p>Dijo que \u201cunas ocho horas posteriores la masa de agua estar\u00eda alcanzando la zona de La Rinconada, donde tambi\u00e9n se vino ejecutando obras\u201d, dejando en claro que \u201cestamos evaluando con mucha atenci\u00f3n c\u00f3mo evoluciona el Pilcomayo, monitoreando el comportamiento de este aluvi\u00f3n y por supuesto c\u00f3mo se comportan nuestras obras\u201d.<\/p>\n\n\n\n<p>\u201cTenemos que estar atentos y tener muchas responsabilidad en las informaciones que se echan a correr, porque si no est\u00e1 contextualizado puede generar much\u00edsima preocupaci\u00f3n\u201d, expuso, no sin advertir que un rio internacional como el Pilcomayo \u201cdemanda una participaci\u00f3n primordial y directa del estado nacional, al menos en cuanto a la responsabilidad primaria de su manejo. Pero nos encontramos con funcionarios federales d\u00e1ndole poca atenci\u00f3n\u201d, lament\u00f3. <\/p>\n","protected":false},"excerpt":{"rendered":"<p>Desde la cartera de Gobierno provincial, se aseguro que ante el alerta de un pico<\/p>\n","protected":false},"author":3,"featured_media":22985,"comment_status":"open","ping_status":"open","sticky":false,"template":"","format":"standard","meta":{"footnotes":""},"categories":[1],"tags":[],"class_list":["post-22984","post","type-post","status-publish","format-standard","has-post-thumbnail","hentry","category-noticias"],"_links":{"self":[{"href":"https:\/\/24formosa.com.ar\/index.php?rest_route=\/wp\/v2\/posts\/22984","targetHints":{"allow":["GET"]}}],"collection":[{"href":"https:\/\/24formosa.com.ar\/index.php?rest_route=\/wp\/v2\/posts"}],"about":[{"href":"https:\/\/24formosa.com.ar\/index.php?rest_route=\/wp\/v2\/types\/post"}],"author":[{"embeddable":true,"href":"https:\/\/24formosa.com.ar\/index.php?rest_route=\/wp\/v2\/users\/3"}],"replies":[{"embeddable":true,"href":"https:\/\/24formosa.com.ar\/index.php?rest_route=%2Fwp%2Fv2%2Fcomments&post=22984"}],"version-history":[{"count":1,"href":"https:\/\/24formosa.com.ar\/index.php?rest_route=\/wp\/v2\/posts\/22984\/revisions"}],"predecessor-version":[{"id":22986,"href":"https:\/\/24formosa.com.ar\/index.php?rest_route=\/wp\/v2\/posts\/22984\/revisions\/22986"}],"wp:featuredmedia":[{"embeddable":true,"href":"https:\/\/24formosa.com.ar\/index.php?rest_route=\/wp\/v2\/media\/22985"}],"wp:attachment":[{"href":"https:\/\/24formosa.com.ar\/index.php?rest_route=%2Fwp%2Fv2%2Fmedia&parent=22984"}],"wp:term":[{"taxonomy":"category","embeddable":true,"href":"https:\/\/24formosa.com.ar\/index.php?rest_route=%2Fwp%2Fv2%2Fcategories&post=22984"},{"taxonomy":"post_tag","embeddable":true,"href":"https:\/\/24formosa.com.ar\/index.php?rest_route=%2Fwp%2Fv2%2Ftags&post=22984"}],"curies":[{"name":"wp","href":"https:\/\/api.w.org\/{rel}","templated":true}]}}