{"id":22977,"date":"2019-02-03T20:21:28","date_gmt":"2019-02-03T23:21:28","guid":{"rendered":"https:\/\/24formosa.com.ar\/?p=22977"},"modified":"2023-01-16T11:36:57","modified_gmt":"2023-01-16T14:36:57","slug":"record-historico-de-inscriptos-en-17-fiesta-nacional-de-la-corvina","status":"publish","type":"post","link":"https:\/\/24formosa.com.ar\/?p=22977","title":{"rendered":"R\u00e9cord hist\u00f3rico de inscriptos en 17\u00b0 Fiesta Nacional de la Corvina"},"content":{"rendered":"\n<p> Los 443 equipos inscriptos para el concurso de pesca, record hist\u00f3rico, es claro s\u00edntoma de la enorme expectativa en torno a la 17\u00b0 edici\u00f3n de la Fiesta Nacional del Rio a realizarse los d\u00edas 8, 9 y 10 de febrero en la villa tur\u00edstica de Herradura.<\/p>\n\n\n\n<p>El dato fue certificado por el diputado nacional Ramiro Fern\u00e1ndez Patri, quien indico que este lunes a las 9 en la comuna herradurense estar\u00e1n reuni\u00e9ndose los miembros de la organizaci\u00f3n, adem\u00e1s de miembros e institucionales nacional, provincial y comunal, a efectos de ajustar los detalles finales de la fiesta.<\/p>\n\n\n\n<p>Expuso que \u201cse fue mejorando integralmente la localidad, enripiado accesos a emprendimientos como los de complejos de caba\u00f1as y ampli\u00e1ndose infraestructuras\u201d, anticipando que \u201cestaremos inaugurando un nuevo sistema lum\u00ednico de m\u00e1s de tres kil\u00f3metros\u201d. Confirmo que desde esta semana trabajaran en el pueblo muralistas de diferentes partes del pa\u00eds y el continente, encuentro que redituara 32 obras a Herradura para recrear el espacio de cuatro cuadras que se dar\u00e1 en llamar\u00a0 el Paseo \u201cChavela Pernochi\u201d en homenaje a la artista formose\u00f1a fallecida.<\/p>\n\n\n\n<p>Planta de agua y espacios para estacionamiento, forman parte de las muchas realizaciones nuevas, entre paseos p\u00fablicos hermoseados, para mayor confort de visitantes y al mismo tiempo d\u00e1ndole una fisonom\u00eda muy atrayente.<\/p>\n\n\n\n<p>Anticip\u00f3 que el colombiano Sebasti\u00e1n Yatra estar\u00e1 subiendo al escenario el d\u00eda viernes 8 poco despu\u00e9s de la medianoche, con lo cual sugiri\u00f3 a los muchos seguidores del artista a estar temprano en el sitio del festival.<\/p>\n\n\n\n<p><strong>Impedimentos<\/strong><\/p>\n\n\n\n<p>Por otra parte, Fern\u00e1ndez Patri lamento la \u201cintransigencia\u201d de esferas como Migraciones en Formosa, quien pretende que dos grupos musicales paraguayos abonen cada uno $19 mil. \u201cSon artistas de ritmos de nuestra regi\u00f3n, guara\u00f1as y chamame, y nuestro fin no es el lucro, incluso defendemos a los m\u00fasicos locales, por eso el 80% de la grilla de tres d\u00edas tiene a formose\u00f1os como protagonistas\u201d, expuso.<\/p>\n\n\n\n<p>Dijo quien ocupa la vicepresidencia de la comisi\u00f3n de Turismo de la C\u00e1mara Baja, que \u201ctenemos un v\u00ednculo de hermandad y fraternidad con el Paraguay. Hemos recreado un espacio como el ARPA, como territorio compartido de intercambio cultural dado el fuerte vinculo y similitud l de ambos pueblos, pero se trata de imponer lo econ\u00f3mico cuando lejos estamos de la utilidad econ\u00f3mica\u201d.<\/p>\n\n\n\n<p>Incluso expuso que la misma Prefectura Naval exhibe un \u201ccelo excesivo a los navegantes, con lo cual a varios de ellos se les complica participar de la fiesta, cosa que tratamos de que se pueda superar con la comprensi\u00f3n de todas las partes\u201d.<\/p>\n\n\n\n<p><strong>Pasaje<\/strong><\/p>\n\n\n\n<p>El costo del boleto Formosa-Herradura para viajar y disfrutar de la 17\u00b0 edici\u00f3n de la Fiesta Nacional de la Corvina de Rio a realizarse los d\u00edas 8, 9 y 10 de febrero, ser\u00e1 de $80 y, en el caso de los ni\u00f1os de hasta 5 a\u00f1os, podr\u00e1n hacerlo junto a sus padres o tutores de manera gratuita.<\/p>\n\n\n\n<p>As\u00ed lo certific\u00f3 el director de Transporte de la provincia,\u00a0 Pablo C\u00f3rdoba, quien adem\u00e1s dijo que las empresas \u201cCrucero del Sur\u201d y \u201cGodoy\u201d son las que brindar\u00e1n servicio de transporte a la tur\u00edstica villa en estas tres jornadas festivas.<\/p>\n\n\n\n<p>Acentu\u00f3 que \u201clas gestiones que vinimos realizando han prosperado y logramos un descuento entiendo es significativo y ayudara a que muchas familias puedan asistir. El boleto de colectivo para ir a la Corvina costar\u00e1 $80 y los menores de 5 a\u00f1os de edad no pagar\u00e1n, m\u00e1s all\u00e1 de que estar\u00e1n cubiertos por el seguro\u201d.<\/p>\n\n\n\n<p>Tras dejar en claro que la tarjeta SUBE no estar\u00e1 activa para este servicio que reviste el car\u00e1cter de especial,\u00a0 se\u00f1alo que en el caso de la empresa \u201cCrucero del Sur\u201d tendr\u00e1 su punto de ventas, el viernes, en calle Espa\u00f1a y 9 de Julio, frente al Teatro de la Ciudad, a partir de las 16 con una frecuencia de una hora; mientras que \u201cGodoy\u201d se estacionar\u00e1 frente al ministerio de Turismo a partir de las 19. En el caso del fin de semana- s\u00e1bado 9y domingo 10-, ambas empresas estar\u00e1n operando a partir de las 10 horas en adelante.<br>Puntualizo que \u201cCrucero del Sur\u201d afectara 15 unidades para la cobertura del ser vicio y Godoy lo har\u00e1 con 7 coches.<\/p>\n\n\n\n<p>Indic\u00f3 que ya estuvimos verificando el sector donde van a descender los pasajeros y tambi\u00e9n donde podr\u00e1n acceder a los colectivos para el regreso, sitio donde se instalara una garita especial con carteleria identificatoria.<br>\u201cAlcanzamos la tarifa m\u00e1s accesible posible, planteamos un valor especial y atendiendo a facilitar a las familias su acceso a la fiesta, sobre todo pensando en la severa crisis nacional\u201d, expuso concluyente.<br><\/p>\n","protected":false},"excerpt":{"rendered":"<p>Los 443 equipos inscriptos para el concurso de pesca, record hist\u00f3rico, es claro s\u00edntoma de<\/p>\n","protected":false},"author":3,"featured_media":22978,"comment_status":"open","ping_status":"open","sticky":false,"template":"","format":"standard","meta":{"footnotes":""},"categories":[1],"tags":[],"class_list":["post-22977","post","type-post","status-publish","format-standard","has-post-thumbnail","hentry","category-noticias"],"_links":{"self":[{"href":"https:\/\/24formosa.com.ar\/index.php?rest_route=\/wp\/v2\/posts\/22977","targetHints":{"allow":["GET"]}}],"collection":[{"href":"https:\/\/24formosa.com.ar\/index.php?rest_route=\/wp\/v2\/posts"}],"about":[{"href":"https:\/\/24formosa.com.ar\/index.php?rest_route=\/wp\/v2\/types\/post"}],"author":[{"embeddable":true,"href":"https:\/\/24formosa.com.ar\/index.php?rest_route=\/wp\/v2\/users\/3"}],"replies":[{"embeddable":true,"href":"https:\/\/24formosa.com.ar\/index.php?rest_route=%2Fwp%2Fv2%2Fcomments&post=22977"}],"version-history":[{"count":1,"href":"https:\/\/24formosa.com.ar\/index.php?rest_route=\/wp\/v2\/posts\/22977\/revisions"}],"predecessor-version":[{"id":22979,"href":"https:\/\/24formosa.com.ar\/index.php?rest_route=\/wp\/v2\/posts\/22977\/revisions\/22979"}],"wp:featuredmedia":[{"embeddable":true,"href":"https:\/\/24formosa.com.ar\/index.php?rest_route=\/wp\/v2\/media\/22978"}],"wp:attachment":[{"href":"https:\/\/24formosa.com.ar\/index.php?rest_route=%2Fwp%2Fv2%2Fmedia&parent=22977"}],"wp:term":[{"taxonomy":"category","embeddable":true,"href":"https:\/\/24formosa.com.ar\/index.php?rest_route=%2Fwp%2Fv2%2Fcategories&post=22977"},{"taxonomy":"post_tag","embeddable":true,"href":"https:\/\/24formosa.com.ar\/index.php?rest_route=%2Fwp%2Fv2%2Ftags&post=22977"}],"curies":[{"name":"wp","href":"https:\/\/api.w.org\/{rel}","templated":true}]}}