{"id":22971,"date":"2019-02-03T19:57:12","date_gmt":"2019-02-03T22:57:12","guid":{"rendered":"https:\/\/24formosa.com.ar\/?p=22971"},"modified":"2023-01-16T11:33:07","modified_gmt":"2023-01-16T14:33:07","slug":"palo-santo-celebro-su-109-aniversario","status":"publish","type":"post","link":"https:\/\/24formosa.com.ar\/?p=22971","title":{"rendered":"Palo Santo celebr\u00f3 su 109\u00b0 aniversario"},"content":{"rendered":"\n<p> La comunidad de Palo Santo acaba de celebrar su 109\u00b0 a\u00f1os de vida, y en el marco de la tradicional serenata aniversario, la comunidad se volc\u00f3 masivamente a acompa\u00f1ar el festival donde justo a la medianoche se canto al unison\u00f3 el feliz cumplea\u00f1os.<\/p>\n\n\n\n<p>El intendente Ra\u00fal D\u00b4Zakich presidio la celebraci\u00f3n compartida por el diputado Agust\u00edn Samaniego y los jefes comunales Andr\u00e9s De Yong de Pozo del Tigre y Juli\u00e1n Bord\u00f3n de General G\u00fcemes, quienes visitaron la localidad para sumarse a la celebraci\u00f3n.<\/p>\n\n\n\n<p>La fiesta se realizo en el predio municipal dentro de un contexto festivo, con las familias que adhirieron masivamente al reconocimiento a viejos pobladores y los m\u00e1s destacados en los cert\u00e1menes deportivos que se organizaron por este nuevo aniversario.<\/p>\n\n\n\n<p>Los fuegos artificiales y la animaci\u00f3n de los grupos musicales recrearon a la multitud que asisti\u00f3 al festival, anim\u00e1ndolos a los bailes, y evocarse a los pioneros del pueblo, quienes le imprimieron el perfil productivo tan ligada a la actividad maderera que hoy trasponen las fronteras de la provincia, de tal modo que algunas de sus elaboraciones del rubro se exportan.<\/p>\n\n\n\n<p>D\u00b4Zakich deline\u00f3 acciones de su\u00a0 gobierno, expuso sobre las actividades a favor de la gente, agradeci\u00f3 los trabajos ejecutados por el gobierno provincial y exhort\u00f3 a la comunidad que est\u00e1 dentro de su municipio, acompa\u00f1ar este proceso de mejorar la calidad de vida de los palosante\u00f1os.<br>\u201cEsta localidad vive un presente que honra los sue\u00f1os de los pioneros a quienes se homenajeo, y que permite seguir construyendo un futuro mejor para todos\u201d, expuso Samaniego que agradeci\u00f3 a los palosante\u00f1os la invitaci\u00f3n al festejo y al mismo tiempo significo el \u201ccompromiso y lealtad\u201d de los lugare\u00f1os.<\/p>\n\n\n\n<p>La fundaci\u00f3n de la localidad data del 3 de febrero de 1910 en la zona de traza de las v\u00edas del ferrocarril Belgrano, y los obreros encontraron un solitario \u00e1rbol de Palo Santo, \u00fanico entre los algarrobillos y la adusta vegetaci\u00f3n caracter\u00edstica.<\/p>\n\n\n\n<p>Se trata de una poblaci\u00f3n eminentemente forestal y productiva en el rubro carpinter\u00edas y fabricaci\u00f3n de muebles de algarrobo, factor que le dio vida en sus or\u00edgenes y goza en la actualidad de un enorme privilegio, brindada por su capacidad y creatividad para la fabricaci\u00f3n de muebles.<\/p>\n\n\n\n<p>Podemos agregar que el palo santo- Bulnesia Sarmientoi- no es propio del lugar y\/o poblaci\u00f3n que hoy lleva este nombre. Solamente se encuentran cuatro o cinco especies en la jurisdicci\u00f3n urbanas del pueblo del Palo Santo, entre ellos un caso cultural de una especie plantada por el se\u00f1or Rub\u00e9n Pando, en 1969, siendo intendente, en la actual avenida 2 de Abril, cerca de la escuela 35. <\/p>\n","protected":false},"excerpt":{"rendered":"<p>La comunidad de Palo Santo acaba de celebrar su 109\u00b0 a\u00f1os de vida, y en<\/p>\n","protected":false},"author":3,"featured_media":22972,"comment_status":"open","ping_status":"open","sticky":false,"template":"","format":"standard","meta":{"footnotes":""},"categories":[1],"tags":[],"class_list":["post-22971","post","type-post","status-publish","format-standard","has-post-thumbnail","hentry","category-noticias"],"_links":{"self":[{"href":"https:\/\/24formosa.com.ar\/index.php?rest_route=\/wp\/v2\/posts\/22971","targetHints":{"allow":["GET"]}}],"collection":[{"href":"https:\/\/24formosa.com.ar\/index.php?rest_route=\/wp\/v2\/posts"}],"about":[{"href":"https:\/\/24formosa.com.ar\/index.php?rest_route=\/wp\/v2\/types\/post"}],"author":[{"embeddable":true,"href":"https:\/\/24formosa.com.ar\/index.php?rest_route=\/wp\/v2\/users\/3"}],"replies":[{"embeddable":true,"href":"https:\/\/24formosa.com.ar\/index.php?rest_route=%2Fwp%2Fv2%2Fcomments&post=22971"}],"version-history":[{"count":1,"href":"https:\/\/24formosa.com.ar\/index.php?rest_route=\/wp\/v2\/posts\/22971\/revisions"}],"predecessor-version":[{"id":22973,"href":"https:\/\/24formosa.com.ar\/index.php?rest_route=\/wp\/v2\/posts\/22971\/revisions\/22973"}],"wp:featuredmedia":[{"embeddable":true,"href":"https:\/\/24formosa.com.ar\/index.php?rest_route=\/wp\/v2\/media\/22972"}],"wp:attachment":[{"href":"https:\/\/24formosa.com.ar\/index.php?rest_route=%2Fwp%2Fv2%2Fmedia&parent=22971"}],"wp:term":[{"taxonomy":"category","embeddable":true,"href":"https:\/\/24formosa.com.ar\/index.php?rest_route=%2Fwp%2Fv2%2Fcategories&post=22971"},{"taxonomy":"post_tag","embeddable":true,"href":"https:\/\/24formosa.com.ar\/index.php?rest_route=%2Fwp%2Fv2%2Ftags&post=22971"}],"curies":[{"name":"wp","href":"https:\/\/api.w.org\/{rel}","templated":true}]}}