{"id":22968,"date":"2019-02-03T12:52:34","date_gmt":"2019-02-03T15:52:34","guid":{"rendered":"https:\/\/24formosa.com.ar\/?p=22968"},"modified":"2023-01-16T11:41:26","modified_gmt":"2023-01-16T14:41:26","slug":"insfran-renovo-fuerte-respaldo-a-la-educacion-rural-al-visitar-escuela-agro-tecnica-en-sumayen","status":"publish","type":"post","link":"https:\/\/24formosa.com.ar\/?p=22968","title":{"rendered":"Insfr\u00e1n renov\u00f3 fuerte respaldo a la educaci\u00f3n rural al visitar escuela agro-t\u00e9cnica en Sumayen"},"content":{"rendered":"\n<p> En pleno periodo de receso escolar, el gobernador Gildo Insfr\u00e1n estuvo esta semana en la comunidad de Sumayen, visitando la escuela-albergue de modalidad agro-t\u00e9cnica del lugar, oportunidad en que al apreciar los proyectos educativos con impronta en lo productivo, renov\u00f3 la decisi\u00f3n de fuerte respaldo a la ense\u00f1anza rural.<\/p>\n\n\n\n<p>Fue recibido por la directora Raquel de Pinatti, quien oficio de gu\u00eda mostr\u00e1ndole corrales, donde por ejemplo los alumnos (criollos y abor\u00edgenes) trabajan en producciones como la bubalina, caprina y av\u00edcola. Apicultura y lo agr\u00edcola forman parte de la amplia faceta donde lo educativo est\u00e1 estrechamente ligado a la producci\u00f3n y el trabajo.<\/p>\n\n\n\n<p>Junto al primer mandatario estuvieron el ministro de Gobierno, Jorge Abel Gonz\u00e1lez, el administrador de Vialidad Provincial,\u00a0 Fernando De Vido, el subsecretario de Producci\u00f3n Sustentable, Alejandro Garc\u00eda, legisladores nacional Luis Basterra y provincial, Roberto Vizca\u00edno.<\/p>\n\n\n\n<p>Este \u00faltimo destac\u00f3 la labor que se desarrolla en el establecimiento, y que mucho de lo que se avanz\u00f3 fue posible por el permanente apoyo del estado provincial, como las 180 hect\u00e1reas proporcionadas donde se ejecutan el desarrollo de una formaci\u00f3n de fuerte acento productivo, sobre todo de actividades vinculadas a esa zona distante a unos 420 kil\u00f3metros al oeste de esta capital.<\/p>\n\n\n\n<p>Garc\u00eda en tanto signific\u00f3 que la escuela acompa\u00f1a permanentemente el desarrollo de iniciativas donde lo educativo y productivo mantiene una sinergia importante, incluso desarrollo proyectos propios con alta creatividad y fuerte involucramiento de los j\u00f3venes estudiantes en la chacra.<\/p>\n\n\n\n<p>Destac\u00f3 que el apoyo del estado a esta escuela agrotecnica es un ejemplo m\u00e1s del valor que la gesti\u00f3n (Gildo) Insfran le imprime a la estrategia donde se vinculan educaci\u00f3n-producci\u00f3n-trabajo. \u201cQue un joven formose\u00f1o hijo de paipperos de la colonia agr\u00edcola de El Alba haya egresado el a\u00f1o pasado como el primer ingeniero en Producci\u00f3n Agropecuaria en el Instituto Universitario de Formosa (IUF), es parte de este proceso hist\u00f3rico de un estado provincial que extendi\u00f3 la educaci\u00f3n a cada rinc\u00f3n del territorio en general, y en particular situ\u00f3 la formaci\u00f3n universitaria en las puertas de las chacras\u201d, destaco.<\/p>\n\n\n\n<p><strong>Diversificaci\u00f3n<\/strong><\/p>\n\n\n\n<p>Se comento que en la escuela de Sumayen, entre las tareas que desarrollan est\u00e1 el de cr\u00eda y manejo de gallinas como parte de la formaci\u00f3n acad\u00e9mica de los alumnos y la producci\u00f3n ser\u00e1 destinada al abastecimiento del comedor escolar.<\/p>\n\n\n\n<p>Otro exitoso proyecto desarrollado tiene que ver con la producci\u00f3n bubalina y de sanidad animal. En este \u00faltimo caso han sobresalido con el proyecto \u00abBrucelosis: Cabra sana, pueblo sano\u00bb, seleccionado nacionalmente para representar al pa\u00eds en la Feria Latinoamericana que se desarrollara a\u00f1os atr\u00e1s en Brasil.<\/p>\n\n\n\n<p>El objetivo de esta escuela es la de \u201cpreparar a los j\u00f3venes para la vida del campo, que adquiera los conocimientos que el d\u00eda de ma\u00f1ana facilite el crecimiento y desarrollo de las actividades agropecuarias. La escuela se enfoco fuertemente a investigar sobre esta enfermedad que afecta especialmente al ganado caprino -de gran desarrollo en esa zona- pero que se puede transmitir a las personas.<\/p>\n\n\n\n<p>Fue ponderado que \u201cel establecimiento cumple una funci\u00f3n muy importante en la relaci\u00f3n con la comunidad en la que est\u00e1 inserta, trabajando estrechamente con los productores, adem\u00e1s las familias de los j\u00f3venes valoran mucho la educaci\u00f3n agrot\u00e9cnica, conf\u00eda en la escuela y eso se nota porque los chicos vienen de sus hogares muy estimulados\u201d.<\/p>\n\n\n\n<p>Reconoci\u00f3 que el \u201cestado provincial apuesta fuerte a la educaci\u00f3n agrot\u00e9cnica, invirtiendo en la compra de herramientas, tractores, implementos agr\u00edcolas y toda aquella maquinaria que haga falta, adem\u00e1s de preparar y capacitar a sus docentes. Hoy se dispone de distintas posibilidades que permiten estimular a los estudiantes, ya sea a trav\u00e9s de becas, albergues y comedores escolares, que sin la presencia del Estado, ser\u00eda imposible. Por eso hoy podemos hablar de una educaci\u00f3n agropecuaria de excelencia\u201d, se subray\u00f3.<\/p>\n\n\n\n<p>Incluso se record\u00f3 que la cartera de Producci\u00f3n y Ambiente junto a productores locales, docentes y estudiantes decidieron llevar adelante el cultivo de cebolla, trabajando a fin de ofrecer como nueva alternativa para sumar a otras especies, y con ello incrementar la diversificaci\u00f3n productiva en la zona\u201d,\u00a0 se describi\u00f3. <\/p>\n","protected":false},"excerpt":{"rendered":"<p>En pleno periodo de receso escolar, el gobernador Gildo Insfr\u00e1n estuvo esta semana en la<\/p>\n","protected":false},"author":3,"featured_media":22969,"comment_status":"open","ping_status":"open","sticky":false,"template":"","format":"standard","meta":{"footnotes":""},"categories":[1],"tags":[],"class_list":["post-22968","post","type-post","status-publish","format-standard","has-post-thumbnail","hentry","category-noticias"],"_links":{"self":[{"href":"https:\/\/24formosa.com.ar\/index.php?rest_route=\/wp\/v2\/posts\/22968","targetHints":{"allow":["GET"]}}],"collection":[{"href":"https:\/\/24formosa.com.ar\/index.php?rest_route=\/wp\/v2\/posts"}],"about":[{"href":"https:\/\/24formosa.com.ar\/index.php?rest_route=\/wp\/v2\/types\/post"}],"author":[{"embeddable":true,"href":"https:\/\/24formosa.com.ar\/index.php?rest_route=\/wp\/v2\/users\/3"}],"replies":[{"embeddable":true,"href":"https:\/\/24formosa.com.ar\/index.php?rest_route=%2Fwp%2Fv2%2Fcomments&post=22968"}],"version-history":[{"count":1,"href":"https:\/\/24formosa.com.ar\/index.php?rest_route=\/wp\/v2\/posts\/22968\/revisions"}],"predecessor-version":[{"id":22970,"href":"https:\/\/24formosa.com.ar\/index.php?rest_route=\/wp\/v2\/posts\/22968\/revisions\/22970"}],"wp:featuredmedia":[{"embeddable":true,"href":"https:\/\/24formosa.com.ar\/index.php?rest_route=\/wp\/v2\/media\/22969"}],"wp:attachment":[{"href":"https:\/\/24formosa.com.ar\/index.php?rest_route=%2Fwp%2Fv2%2Fmedia&parent=22968"}],"wp:term":[{"taxonomy":"category","embeddable":true,"href":"https:\/\/24formosa.com.ar\/index.php?rest_route=%2Fwp%2Fv2%2Fcategories&post=22968"},{"taxonomy":"post_tag","embeddable":true,"href":"https:\/\/24formosa.com.ar\/index.php?rest_route=%2Fwp%2Fv2%2Ftags&post=22968"}],"curies":[{"name":"wp","href":"https:\/\/api.w.org\/{rel}","templated":true}]}}