{"id":22951,"date":"2019-01-31T22:12:48","date_gmt":"2019-02-01T01:12:48","guid":{"rendered":"https:\/\/24formosa.com.ar\/?p=22951"},"modified":"2023-01-16T11:41:27","modified_gmt":"2023-01-16T14:41:27","slug":"el-gobernador-visito-ambicioso-proyecto-de-desarrollo-agroindustrial-en-el-oeste","status":"publish","type":"post","link":"https:\/\/24formosa.com.ar\/?p=22951","title":{"rendered":"El gobernador visit\u00f3 ambicioso proyecto de desarrollo agroindustrial en el oeste"},"content":{"rendered":"\n<p>\n\nEn el convencimiento de una firme sinergia entre el sector p\u00fablico y privado; cada uno con su rol, pero con una visi\u00f3n compartida y estrategias comunes, el gobernador Gildo Insfran visito este jueves el ambicioso desarrollo agroindustrial que realiza en la zona oeste el grupo empresarial Linke. Este grupo productivo opera en provincias como Chaco, Corrientes, Santa Fe, Santiago del Estero y San Juan; y ahora en la zona de Laguna Yema donde realizan una millonaria inversi\u00f3n sembrando las primeras 4700 hect\u00e1reas de algod\u00f3n en un campo de 10 mil, donde adem\u00e1s se halla en el tramo final de instalaci\u00f3n una desmotadora de avanzada.<\/p>\n\n\n\n<p>El primer mandatario estuvo acompa\u00f1ado por el ministro de Gobierno, Jorge Abel Gonz\u00e1lez, el subsecretario de Producci\u00f3n Sustentable, Alejandro Garc\u00eda, el diputado nacional Luis Basterra, el administrador de la DPV, Fernando de Vido, y recorrieron lotes productivos y la desmotadora, junto con los propietarios de la firma.<\/p>\n\n\n\n<p>El desarrollo de toda una infraestructura en pavimento, energ\u00eda el\u00e9ctrica, conectividad y manejo de recursos h\u00eddricos con canales de riego en la zona, y una paz social como en pocas partes del pa\u00eds, terminaron inclinando la balanza para que se decidan invertir en la provincia.<\/p>\n\n\n\n<p>\u201cApreciamos el enorme potencial agr\u00edcola que existe en Formosa, y si bien tuvo un enorme desarrollo ganadero, es muy reconocido por eso, aun tiene un gran futuro en lo agr\u00edcola\u201d, expuso Marcelo Linke, presidente de \u201cAgro Cotton\u201d que es parte del grupo empresarial.<\/p>\n\n\n\n<p>El \u00e9xito del proyecto contribuir\u00e1 a dinamizar la econom\u00eda provincial, dado que la actividad privada genera puestos genuinos de trabajo. Fue expuesto en la esfera oficial que la \u201cvisita es un reconocimiento a la fe que ponen en la inversi\u00f3n en la provincia y al trabajo que vienen haciendo\u201d.<\/p>\n\n\n\n<p>Linke se dedica a varios rubros entre los que est\u00e1 el sector de la agricultura, viene realizando una importante inversi\u00f3n en la provincia, estimando una cifra superior a los 2 millones de d\u00f3lares. Asimismo, en tres meses m\u00e1s, cuando este operativa la desmotadora, habr\u00e1n incorporado unos 70 trabajadores.<\/p>\n\n\n\n<p>La explotaci\u00f3n se encuentra a la vera de la ruta 81, entre Pozo Mortero y Laguna Yema, y Linke expone el \u201cdesaf\u00edo y las mejores perspectivas en este campo de enorme potenciales productivos\u201d.<\/p>\n\n\n\n<p>Comento que el inicio de su explotaci\u00f3n en la provincia fue la \u201csiembra contrarreloj de 4700 hect\u00e1reas de algod\u00f3n, toda una experiencia para la zona donde no tienen antecedentes similares, \u201cpero proyectamos duplicar y llegar a las 10 mil hect\u00e1reas desde el ciclo venidero. Resta definir si esas diez mil hect\u00e1reas ser\u00e1n todas de algod\u00f3n o por una cuesti\u00f3n de rotaci\u00f3n haremos gram\u00edneas en el medio, ma\u00edz o soja\u201d.&nbsp;<\/p>\n\n\n\n<p>\u201cTenemos un aporte tecnol\u00f3gico y de ingenier\u00eda muy importante, pensando en desarrollar un buen cultivo y que haga factible su proceso\u201d, pondera.<\/p>\n\n\n\n<p>Acerca de la demanda de mano de obra de la zona, aludi\u00f3 a que se dar\u00e1 no solo en el campo e incluso de gente calificada por los equipos que poseen, destacando el car\u00e1cter hallado de los pobladores de la zona, muy optimistas y con la mejor predisposici\u00f3n. \u201cA los que ya han sumado, el numero se incrementara mucho m\u00e1s cuando comience todo el proceso de desmote, al menos 70 personas para el mes de mayo\u201d, afirmo.<\/p>\n\n\n\n<p>Destaco el respaldo que han tenido desde el primer momento por parte del gobierno provincial. \u201cNos ayudaron en todo desde un inicio, y esta visita del gobernador es el reafirmar de una decisi\u00f3n de acompa\u00f1ar este proyecto que puede ser de gran beneficio para los formose\u00f1os\u201d.<\/p>\n\n\n\n<p><\/p>\n\n\n\n<p><strong>Muy buenas condiciones<\/strong><\/p>\n\n\n\n<p><\/p>\n\n\n\n<p>Otro de los empresarios, H\u00e9ctor Linke, puntualizo acerca del avance en la instalaci\u00f3n de la desmotadora. \u201cEse proceso de industrializaci\u00f3n realizado por maquinarias consistir\u00e1 en separar por un lado las fibras y por el otro las semillas\u201d, describi\u00f3, destacando que se trata de un proyecto muy ambicioso que se planea a futuro incorporar muchas otras innovaciones.<\/p>\n\n\n\n<p>Destac\u00f3 que uno de los factores determinante para asentarse en tierra formose\u00f1a fue justamente \u201cla zona est\u00e1 dotada de un buen sistema el\u00e9ctrico y caminos y rutas para transitar, lo que facilitar\u00e1 el trabajo que llevar\u00e1n adelante\u201d.<\/p>\n\n\n\n<p>\u201cVinimos a una provincia que nos sorprendi\u00f3 y que es totalmente diferente a la que ten\u00edamos en mente\u201d, significo, y en ese sentido resalt\u00f3: \u201ctenemos comunicaci\u00f3n en cualquier parte del campo y energ\u00eda suficiente para montar una planta desmotadora, cosa que en otras provincias no lo podemos hacer\u201d<\/p>\n\n\n\n<p>Hizo hincapi\u00e9 \u201cesto es importante resaltar porque no se da en todos los lugares, lo que habla a las claras del trabajo que est\u00e1 haciendo el gobernador Gildo Insfr\u00e1n en el interior provincial, dot\u00e1ndolo de la condiciones necesarias que hacen posible la instalaci\u00f3n de una planta de esta envergadura en este lugar\u201d.<\/p>\n\n\n\n<p>Renov\u00f3 los elogios hacia Formosa, y expuso que \u201cesta realidad con que gratamente nos sorprendi\u00f3, incluso se la hemos comentado a otros empresarios amigos porque realmente son muy buenas las condiciones para trabajar.\u201d<\/p>\n\n\n\n<p><\/p>\n\n\n\n<p><strong>94% del objetivo<\/strong><\/p>\n\n\n\n<p><\/p>\n\n\n\n<p>Por su parte, el encargado general del proyecto agroindustrial, Marcos Mieres, coment\u00f3 que ven\u00edan trabajando de manera sostenida para dejar en condiciones operables el campo para sembrar, lo que posibilit\u00f3 \u2013 a pesar de las condiciones clim\u00e1ticas- llegar al 94 por ciento del objetivo puesto por la empresa que eran 5000 hect\u00e1reas, en referencia a las 4700 hectares sembradas de algod\u00f3n y en pleno desarrollo.<\/p>\n\n\n\n<p>Asimismo describi\u00f3 que se estuvo trabajando en el montaje de la desmotadora que \u201ctiene 4 cuerpos, con una capacidad operativa para sacar 25 fardos por hora\u201d, resaltando que fue un desaf\u00edo muy importante para la empresa instalada en el oeste formose\u00f1o.&nbsp;<\/p>\n\n\n\n<p>Admiti\u00f3 que \u201cse trata de una experiencia muy linda y enriquecedora debido a las excelentes condiciones de trabajo en el lugar que cuenta con energ\u00eda, agua y camino\u201d.<\/p>\n\n\n\n<p>Record\u00f3 que en el a\u00f1o 2003 ya hab\u00eda estado trabajando con otra empresa en la zona subrayando que \u201cen ese momento esto era monte, no estaba la ruta asfaltada, hab\u00eda problemas con la energ\u00eda el\u00e9ctrica. Sin embargo hoy por hoy es una realidad totalmente diferente\u201d.<\/p>\n\n\n\n<p>En ese sentido opin\u00f3 \u201cCreo que este gobierno ha realizado las inversiones necesarias tanto en rutas, caminos para convertir al oeste de la provincia en una zona de desarrollo con mucho potencial para que una empresa de gran envergadura pueda instalarse con comodidad en la zona.\u201d<\/p>\n\n\n\n<p>Resalt\u00f3 que son justamente esas condiciones las que permiten que las empresas recalen en Formosa significando que \u201ceso es muy importante ya que va a generar puestos de trabajo, adem\u00e1s de un impacto econ\u00f3mico social muy importante que atraer\u00e1 la atenci\u00f3n de muchos otros inversores.\u201d<\/p>\n\n\n\n<p>Destac\u00f3 que la idea de la empresa es \u201cestabilizar la producci\u00f3n en funci\u00f3n del ambiente, no copiar lo que hacen otros, sino generar las condiciones para esta zona seg\u00fan los ambientes.\u201d<\/p>\n\n\n\n<p>Finalmente expres\u00f3 que otro de los factores importantes para invertir en Formosa, constituye la existencia del puerto para poder comercializar la producci\u00f3n de las fibras\n\n<\/p>\n","protected":false},"excerpt":{"rendered":"<p>En el convencimiento de una firme sinergia entre el sector p\u00fablico y privado; cada uno<\/p>\n","protected":false},"author":3,"featured_media":22952,"comment_status":"open","ping_status":"open","sticky":false,"template":"","format":"standard","meta":{"footnotes":""},"categories":[1],"tags":[],"class_list":["post-22951","post","type-post","status-publish","format-standard","has-post-thumbnail","hentry","category-noticias"],"_links":{"self":[{"href":"https:\/\/24formosa.com.ar\/index.php?rest_route=\/wp\/v2\/posts\/22951","targetHints":{"allow":["GET"]}}],"collection":[{"href":"https:\/\/24formosa.com.ar\/index.php?rest_route=\/wp\/v2\/posts"}],"about":[{"href":"https:\/\/24formosa.com.ar\/index.php?rest_route=\/wp\/v2\/types\/post"}],"author":[{"embeddable":true,"href":"https:\/\/24formosa.com.ar\/index.php?rest_route=\/wp\/v2\/users\/3"}],"replies":[{"embeddable":true,"href":"https:\/\/24formosa.com.ar\/index.php?rest_route=%2Fwp%2Fv2%2Fcomments&post=22951"}],"version-history":[{"count":1,"href":"https:\/\/24formosa.com.ar\/index.php?rest_route=\/wp\/v2\/posts\/22951\/revisions"}],"predecessor-version":[{"id":22953,"href":"https:\/\/24formosa.com.ar\/index.php?rest_route=\/wp\/v2\/posts\/22951\/revisions\/22953"}],"wp:featuredmedia":[{"embeddable":true,"href":"https:\/\/24formosa.com.ar\/index.php?rest_route=\/wp\/v2\/media\/22952"}],"wp:attachment":[{"href":"https:\/\/24formosa.com.ar\/index.php?rest_route=%2Fwp%2Fv2%2Fmedia&parent=22951"}],"wp:term":[{"taxonomy":"category","embeddable":true,"href":"https:\/\/24formosa.com.ar\/index.php?rest_route=%2Fwp%2Fv2%2Fcategories&post=22951"},{"taxonomy":"post_tag","embeddable":true,"href":"https:\/\/24formosa.com.ar\/index.php?rest_route=%2Fwp%2Fv2%2Ftags&post=22951"}],"curies":[{"name":"wp","href":"https:\/\/api.w.org\/{rel}","templated":true}]}}