{"id":22928,"date":"2019-01-29T22:29:57","date_gmt":"2019-01-30T01:29:57","guid":{"rendered":"https:\/\/24formosa.com.ar\/?p=22928"},"modified":"2023-01-16T11:31:54","modified_gmt":"2023-01-16T14:31:54","slug":"este-jueves-se-lanzan-los-corsos-barriales-y-populares-formosenos","status":"publish","type":"post","link":"https:\/\/24formosa.com.ar\/?p=22928","title":{"rendered":"Este jueves se lanzan los corsos barriales y populares formose\u00f1os"},"content":{"rendered":"\n<p>\n\nEste jueves 31 a las 18 se realizar\u00e1\u201d en el Anfiteatro de la Juventud el lanzamiento de los corsos barriales,&nbsp; populares, formose\u00f1os, inclusivos, participativos y gratuitos, cuyo slogan&nbsp; en&nbsp; esta edici\u00f3n ser\u00e1 la frase \u201clo que viene es lo mejor\u201d<\/p>\n\n\n\n<p>Esta&nbsp; popular propuesta que se reedita anualmente para estas fechas, cuenta con el fuerte apoyo del Gobierno Provincial y&nbsp; &nbsp;se enmarca en la idea de posicionar a Formosa como \u201cla capital de la alegr\u00eda\u201d.<\/p>\n\n\n\n<p>Se trata de una de las mayores&nbsp; expresiones&nbsp; populares, caracterizada por el brillo y el sentir de las familias que se unen para recrear las fiestas carnestolendas. Este sentir social , cuyas aristas m\u00e1s sobresalientes son precisamente el ritmo y la alegr\u00eda , promueve la participaci\u00f3n de comparsas y batucadas de distintos barrios de la ciudad.<\/p>\n\n\n\n<p>Durante la jornada del 31&nbsp; est\u00e1 prevista la presentaci\u00f3n de varias comparsas y&nbsp; batucadas que&nbsp; anualmente&nbsp; visten de esplendor a los carnavales formose\u00f1os, para mostrar por anticipado&nbsp; algunas de las muchas facetas que desplegar\u00e1n en las jornadas a desarrollarse en poco m\u00e1s de un mes.<\/p>\n\n\n\n<p>Cabe recordar que los \u201ccorsos barriales y populares formose\u00f1os\u201d, de car\u00e1cter gratuito,&nbsp; se desarrollar\u00e1n ya sea su apertura el 28 de febrero o en su defecto el 1\u00b0 de marzo, continuando en las cuatro jornadas subsiguientes.\n\n<\/p>\n","protected":false},"excerpt":{"rendered":"<p>Este jueves 31 a las 18 se realizar\u00e1\u201d en el Anfiteatro de la Juventud el<\/p>\n","protected":false},"author":3,"featured_media":22929,"comment_status":"open","ping_status":"open","sticky":false,"template":"","format":"standard","meta":{"footnotes":""},"categories":[1],"tags":[],"class_list":["post-22928","post","type-post","status-publish","format-standard","has-post-thumbnail","hentry","category-noticias"],"_links":{"self":[{"href":"https:\/\/24formosa.com.ar\/index.php?rest_route=\/wp\/v2\/posts\/22928","targetHints":{"allow":["GET"]}}],"collection":[{"href":"https:\/\/24formosa.com.ar\/index.php?rest_route=\/wp\/v2\/posts"}],"about":[{"href":"https:\/\/24formosa.com.ar\/index.php?rest_route=\/wp\/v2\/types\/post"}],"author":[{"embeddable":true,"href":"https:\/\/24formosa.com.ar\/index.php?rest_route=\/wp\/v2\/users\/3"}],"replies":[{"embeddable":true,"href":"https:\/\/24formosa.com.ar\/index.php?rest_route=%2Fwp%2Fv2%2Fcomments&post=22928"}],"version-history":[{"count":1,"href":"https:\/\/24formosa.com.ar\/index.php?rest_route=\/wp\/v2\/posts\/22928\/revisions"}],"predecessor-version":[{"id":22930,"href":"https:\/\/24formosa.com.ar\/index.php?rest_route=\/wp\/v2\/posts\/22928\/revisions\/22930"}],"wp:featuredmedia":[{"embeddable":true,"href":"https:\/\/24formosa.com.ar\/index.php?rest_route=\/wp\/v2\/media\/22929"}],"wp:attachment":[{"href":"https:\/\/24formosa.com.ar\/index.php?rest_route=%2Fwp%2Fv2%2Fmedia&parent=22928"}],"wp:term":[{"taxonomy":"category","embeddable":true,"href":"https:\/\/24formosa.com.ar\/index.php?rest_route=%2Fwp%2Fv2%2Fcategories&post=22928"},{"taxonomy":"post_tag","embeddable":true,"href":"https:\/\/24formosa.com.ar\/index.php?rest_route=%2Fwp%2Fv2%2Ftags&post=22928"}],"curies":[{"name":"wp","href":"https:\/\/api.w.org\/{rel}","templated":true}]}}