{"id":22923,"date":"2019-01-28T22:18:42","date_gmt":"2019-01-29T01:18:42","guid":{"rendered":"https:\/\/24formosa.com.ar\/?p=22923"},"modified":"2023-01-16T11:41:28","modified_gmt":"2023-01-16T14:41:28","slug":"insfran-inaugura-este-martes-en-villafane-un-moderno-complejo-recreativo-social","status":"publish","type":"post","link":"https:\/\/24formosa.com.ar\/?p=22923","title":{"rendered":"Insfr\u00e1n inaugura este martes en Villafa\u00f1e un moderno complejo recreativo-social"},"content":{"rendered":"\n<p> El gobernador Gildo Insfr\u00e1n estar\u00e1 este martes por la ma\u00f1ana en la zona sur provincial, y en su agenda figura como aspecto saliente la inauguraci\u00f3n de un amplio y moderno complejo recreativo-social en la localidad de Villafa\u00f1e.<\/p>\n\n\n\n<p>Para las 9,45 se anticipa el acto donde el primer mandatario y comitiva compartir\u00e1n con los villafa\u00f1ense el corte de cintas dejando habilitado las muchas instalaciones diseminadas a lo largo y ancho de una superficie de 30 mil metros cuadrados. En todo este espacio denominado Polideportivo Municipal \u201cEvita\u201d fue dotado de infraestructuras como piletas, play\u00f3n deportivo cubierto, vestuarios, campo de futbol iluminado, adem\u00e1s de espacios apropiados a pr\u00e1cticas de diferentes actividades de esparcimiento.<br>El intendente de la localidad, Hugo Onisinchuk ser\u00e1 el encargado de dar la bienvenida al doctor Insfran, y guiarlo en tolo el recorrido desde el acceso principal en una de las esquinas, jerarquizado por medio de un p\u00f3rtico y boleter\u00edas con oficinas, para acceder al complejo por una direccional.<br>Se explico que el sector de play\u00f3n polideportivo cubierto: planteado para m\u00faltiples actividades deportivas y recreativas, con sanitarios, vestuarios, dep\u00f3sitos, etc., en uno de los extremos.<\/p>\n\n\n\n<p>La cancha de f\u00fatbol de campo que lleva como nombre \u201cOscar Pety Erceg\u201d se encuentra conformada con portones de acceso y cerco perimetral y 6 torres de iluminaci\u00f3n. El predio cuenta con accesos secundarios peatonales y vehiculares.<\/p>\n\n\n\n<p>Se complementa al complejo con cerco perimetral del predio el cerramiento con postes ol\u00edmpicos y tejidos reforzados, adem\u00e1s de una cisterna de 50 mil litros, tanque elevado de 10 mil litros, equipamiento, parquizaci\u00f3n e iluminaci\u00f3n.<\/p>\n\n\n\n<p>Piso gran\u00edtico, sanitarios para damas y caballeros, incluso ba\u00f1os adecuados a personas con alg\u00fan tipo de discapacidad, carpinter\u00eda de aluminio color, mamposter\u00eda de ladrillos cer\u00e1mico, cielorraso de PVC, cancha de futbol de campo dotado de torres de iluminaci\u00f3n LEDs, cerco perimetral de la cancha\u00a0 y el enripiado con cord\u00f3n de ladrillo en senderos de circulaci\u00f3n.<br>En total se intervino una amplia superficie de 20 mil metros cuadrados, dentro de la cual fue refaccionada integralmente un espacio cubierto de 1200 m2.<\/p>\n\n\n\n<p><strong>Piletas<\/strong><br><\/p>\n\n\n\n<p>En el sector de las piletas que se trabajo para refuncionalizarlas completamente, trabaj\u00e1ndose en toda la superficie mayor a los mil metros cuadrados.<\/p>\n\n\n\n<p>La intervenci\u00f3n del mismo consisti\u00f3 en el recambio de artefactos de iluminaci\u00f3n fuera de funcionamiento, e tableros generales, limpieza, desobstrucci\u00f3n y reparaci\u00f3n de las instalaciones sanitarias y sistema de bombas, pintura general con previa reparaci\u00f3n de la superficie y reacondicionamiento del parquizado.<\/p>\n\n\n\n<p>Dispone de las piletas para adultos y tambi\u00e9n una segunda adecuada a los ni\u00f1os.<\/p>\n\n\n\n<p>Duchas sendero de circulaci\u00f3n, los sanitarios varones y mujeres,\u00a0 dep\u00f3sitos, cuarto de bombeo, tanque elevado, postes met\u00e1licos de iluminaci\u00f3n, la atractiva parquizaci\u00f3n y todo el cierre perimetral, son parte de la importante intervenci\u00f3n ejecutada en el predio de 10 mil metros cuadrados de superficie <\/p>\n","protected":false},"excerpt":{"rendered":"<p>El gobernador Gildo Insfr\u00e1n estar\u00e1 este martes por la ma\u00f1ana en la zona sur provincial,<\/p>\n","protected":false},"author":3,"featured_media":0,"comment_status":"open","ping_status":"open","sticky":false,"template":"","format":"standard","meta":{"footnotes":""},"categories":[1],"tags":[],"class_list":["post-22923","post","type-post","status-publish","format-standard","hentry","category-noticias"],"_links":{"self":[{"href":"https:\/\/24formosa.com.ar\/index.php?rest_route=\/wp\/v2\/posts\/22923","targetHints":{"allow":["GET"]}}],"collection":[{"href":"https:\/\/24formosa.com.ar\/index.php?rest_route=\/wp\/v2\/posts"}],"about":[{"href":"https:\/\/24formosa.com.ar\/index.php?rest_route=\/wp\/v2\/types\/post"}],"author":[{"embeddable":true,"href":"https:\/\/24formosa.com.ar\/index.php?rest_route=\/wp\/v2\/users\/3"}],"replies":[{"embeddable":true,"href":"https:\/\/24formosa.com.ar\/index.php?rest_route=%2Fwp%2Fv2%2Fcomments&post=22923"}],"version-history":[{"count":1,"href":"https:\/\/24formosa.com.ar\/index.php?rest_route=\/wp\/v2\/posts\/22923\/revisions"}],"predecessor-version":[{"id":22924,"href":"https:\/\/24formosa.com.ar\/index.php?rest_route=\/wp\/v2\/posts\/22923\/revisions\/22924"}],"wp:attachment":[{"href":"https:\/\/24formosa.com.ar\/index.php?rest_route=%2Fwp%2Fv2%2Fmedia&parent=22923"}],"wp:term":[{"taxonomy":"category","embeddable":true,"href":"https:\/\/24formosa.com.ar\/index.php?rest_route=%2Fwp%2Fv2%2Fcategories&post=22923"},{"taxonomy":"post_tag","embeddable":true,"href":"https:\/\/24formosa.com.ar\/index.php?rest_route=%2Fwp%2Fv2%2Ftags&post=22923"}],"curies":[{"name":"wp","href":"https:\/\/api.w.org\/{rel}","templated":true}]}}