{"id":22920,"date":"2019-01-28T22:13:10","date_gmt":"2019-01-29T01:13:10","guid":{"rendered":"https:\/\/24formosa.com.ar\/?p=22920"},"modified":"2023-01-16T11:41:28","modified_gmt":"2023-01-16T14:41:28","slug":"el-registro-publico-de-comercio-paso-de-manera-definitiva-a-la-esfera-del-pep","status":"publish","type":"post","link":"https:\/\/24formosa.com.ar\/?p=22920","title":{"rendered":"El Registro P\u00fablico de Comercio paso de manera definitiva a la esfera del PEP"},"content":{"rendered":"\n<p> El ministro de Gobierno, Jorge Abel Gonz\u00e1lez junto al presidente del Superior Tribunal de Justicia, Guillermo Horacio Aluc\u00edn, firmaron este lunes por la ma\u00f1ana el acta de traspaso definitivo del Registro P\u00fablico de Comercio a la \u00f3rbita del Poder Ejecutivo de la Provincia.<\/p>\n\n\n\n<p>El organismo pas\u00f3 a depender ahora de la Inspecci\u00f3n de Personas Jur\u00eddicas, tendr\u00e1 la categor\u00eda de Subdirecci\u00f3n y comenzar\u00e1 funcionar a partir del 1 de febrero en sus nuevas oficinas que estar\u00e1n ubicadas sobre calle Maip\u00fa entre Moreno y Rivadavia, siendo designada como titular la doctora Mar\u00eda Jimena Areco, quien acompa\u00f1\u00f3 al doctor Gonz\u00e1lez en la firma del acta que tuvo lugar en el sal\u00f3n \u201cJuan Jos\u00e9 Paso\u201d del Superior Tribunal de Justicia.<\/p>\n\n\n\n<p>Durante la breve ceremonia, la secretaria de Gobierno del STJ, Ver\u00f3nica Priewe ley\u00f3 el acta de traspaso que incluy\u00f3 la entrega de documentaciones, tras lo cual tanto el doctor Aluc\u00edn como el ministro Gonz\u00e1lez rubricaron el acontecimiento con sus respectivas firmas, dando por concluido el proceso de transici\u00f3n que se desarroll\u00f3 durante todo el a\u00f1o 2018.<\/p>\n\n\n\n<p>El ministro Gonz\u00e1lez valor\u00f3 todo el trabajo desplegado el a\u00f1o pasado para poder llevar adelante una transici\u00f3n ordenada que implic\u00f3 talleres de capacitaci\u00f3n y jornadas de trabajo en el terreno para poder conocer de primera mano y en profundidad la din\u00e1mica de esta tarea.<\/p>\n\n\n\n<p>Adem\u00e1s de ello, dijo que se trabaj\u00f3 en forma conjunta con el Poder Judicial en todo lo relacionado con el inventario de la documentaci\u00f3n existente, tanto en el atinente al movimiento como en el archivo del Registro P\u00fablico de Comercio que se remonta al a\u00f1o 1965, raz\u00f3n por la cual son much\u00edsimos los archivos con los que se tuvo que trabajar.<\/p>\n\n\n\n<p>\u201cLa mec\u00e1nica de trabajo va a seguir siendo la misma toda vez que el tr\u00e1mite de registraciones que se venia llevando a cabo no van a sufrir modificaciones en cuento a su funcionamiento, lo \u00fanico que va a cambiar es el \u00e1mbito donde estaba funcionando y sus responsables\u201d, precis\u00f3 el funcionario.<\/p>\n\n\n\n<p>Por su parte, el titular del STJ, doctor Aluc\u00edn destac\u00f3 la importancia de este hecho y dijo que esto va a descomprimir el trabajo del Juzgado Civil y Comercial N.\u00ba 3 bajo cuya competencia ven\u00eda funcionando el Registro P\u00fablico de Comercio.<\/p>\n\n\n\n<p>En tal sentido, resalt\u00f3 la tarea conjunta que se realiz\u00f3 durante el periodo de transici\u00f3n y, fundamentalmente en este \u00faltimo tramo, el esfuerzo llevado adelante por el juez y el personal de feria que durante el presente receso siguieron trabajando para poder llegar a buen puerto y concluir el proceso en tiempo y forma posibilitando as\u00ed que este traspaso pueda concretarse exitosamente.<\/p>\n\n\n\n<p><\/p>\n","protected":false},"excerpt":{"rendered":"<p>El ministro de Gobierno, Jorge Abel Gonz\u00e1lez junto al presidente del Superior Tribunal de Justicia,<\/p>\n","protected":false},"author":3,"featured_media":22921,"comment_status":"open","ping_status":"open","sticky":false,"template":"","format":"standard","meta":{"footnotes":""},"categories":[1],"tags":[],"class_list":["post-22920","post","type-post","status-publish","format-standard","has-post-thumbnail","hentry","category-noticias"],"_links":{"self":[{"href":"https:\/\/24formosa.com.ar\/index.php?rest_route=\/wp\/v2\/posts\/22920","targetHints":{"allow":["GET"]}}],"collection":[{"href":"https:\/\/24formosa.com.ar\/index.php?rest_route=\/wp\/v2\/posts"}],"about":[{"href":"https:\/\/24formosa.com.ar\/index.php?rest_route=\/wp\/v2\/types\/post"}],"author":[{"embeddable":true,"href":"https:\/\/24formosa.com.ar\/index.php?rest_route=\/wp\/v2\/users\/3"}],"replies":[{"embeddable":true,"href":"https:\/\/24formosa.com.ar\/index.php?rest_route=%2Fwp%2Fv2%2Fcomments&post=22920"}],"version-history":[{"count":1,"href":"https:\/\/24formosa.com.ar\/index.php?rest_route=\/wp\/v2\/posts\/22920\/revisions"}],"predecessor-version":[{"id":22922,"href":"https:\/\/24formosa.com.ar\/index.php?rest_route=\/wp\/v2\/posts\/22920\/revisions\/22922"}],"wp:featuredmedia":[{"embeddable":true,"href":"https:\/\/24formosa.com.ar\/index.php?rest_route=\/wp\/v2\/media\/22921"}],"wp:attachment":[{"href":"https:\/\/24formosa.com.ar\/index.php?rest_route=%2Fwp%2Fv2%2Fmedia&parent=22920"}],"wp:term":[{"taxonomy":"category","embeddable":true,"href":"https:\/\/24formosa.com.ar\/index.php?rest_route=%2Fwp%2Fv2%2Fcategories&post=22920"},{"taxonomy":"post_tag","embeddable":true,"href":"https:\/\/24formosa.com.ar\/index.php?rest_route=%2Fwp%2Fv2%2Ftags&post=22920"}],"curies":[{"name":"wp","href":"https:\/\/api.w.org\/{rel}","templated":true}]}}