{"id":22910,"date":"2019-01-27T22:28:14","date_gmt":"2019-01-28T01:28:14","guid":{"rendered":"https:\/\/24formosa.com.ar\/?p=22910"},"modified":"2023-01-16T11:30:57","modified_gmt":"2023-01-16T14:30:57","slug":"arranca-este-lunes-estudiar-en-verano-2","status":"publish","type":"post","link":"https:\/\/24formosa.com.ar\/?p=22910","title":{"rendered":"Arranca este lunes \u201cEstudiar en Verano\u201d"},"content":{"rendered":"\n<p> Desde este lunes 28 comenzara en colegios secundarios, el desarrollo del programa de apoyo a estudiantes del nivel Secundario con asignaturas pendientes de aprobar; \u201cEstudiar en Verano\u201d<\/p>\n\n\n\n<p>Justamente la subsecretaria de Educaci\u00f3n, Anal\u00eda Heizenreder, confirm\u00f3 que la semana pasado se realizo todo el proceso de los espacios curriculares\u00a0 y los horarios establecidos, de acuerdo al inter\u00e9s demostrado por los estudiantes que se acercaron a las escuelas.<\/p>\n\n\n\n<p>Heizenreder destac\u00f3 que\u00a0 \u201cEstudiar en verano\u201d es un programa provincial implementado desde hace varios a\u00f1os\u00a0 \u00a0por el gobierno a trav\u00e9s del ministerio de Cultura y Educaci\u00f3n en la b\u00fasqueda permanente de \u201cllevar soluci\u00f3n a las familias formose\u00f1as, para que los alumnos que en su trayecto escolar tuvieron dificultades para aprobar en tiempo y forma ,en las mesas de diciembre alg\u00fan espacio curricular , pueda tener el apoyo suficiente y gratuito en la escuela que ven\u00eda cursando para presentarse a rendir en las mesas de febrero.<\/p>\n\n\n\n<p>Justamente toda la semana anterior los colegios secundarios estuvieron trabajando en la cargando los datos y la informaci\u00f3n para armar los listados y de esta manera r definir los espacios curriculares\u00a0 en los que se va a brindar apoyo.\u00a0 En este sentido, signific\u00f3 que\u00a0 cada escuela al tener\u00a0 realidades diferentes \u201chay alumnos que pueden tener inconvenientes en distintos \u00e1reas curriculares, entonces de manera prioritaria se van definiendo los espacios en los que van a tener apoyatura.\u201d<\/p>\n\n\n\n<p>Resalt\u00f3 la importancia del programa implementado en Formosa\u00a0 que se reedita pese a\u00a0 un \u201ccontexto nacional\u00a0 caracterizado por los recortes\u201d y enfatiz\u00f3 el compromiso del gobierno provincial en materia educativa poniendo de relieve\u00a0 que \u201cpone a disposici\u00f3n de las familias, esta herramienta gratuita para que los j\u00f3venes puedan acceder a un apoyo escolar, en su \u00e1mbito cotidiano, en su escuela con la gente que conoce y lo m\u00e1s importante con sus afectos, es decir, con sus pares-\u201c\u00a0\u00a0<\/p>\n\n\n\n<p>Desde este lunes 28 cada escuela con el cronograma completo de los talleres que dictaran en determinados horarios y a cargo de los profesores arrancar\u00e1 \u201cEstudiar en Verano\u201d y se\u00a0 extender\u00e1 hasta el 15 de febrero.<br>Finalmente se puntualiz\u00f3\u00a0 que si bien hay alumnos \u201cel porcentaje es inferior al de a\u00f1os anteriores\u201d, lo que a su entender habla \u201cdel compromiso del gobierno con la educaci\u00f3n, del cuidado de las trayectorias escolares\u00a0 y de la permanencia y continuidad de los alumnos en el sistema\u201d, haciendo hincapi\u00e9 que \u201cpara el gobierno de la provincia la educaci\u00f3n es una cuesti\u00f3n de Estado, brindando las herramientas necesarias para el desarrollo pleno del individuo.\u201d<br><\/p>\n","protected":false},"excerpt":{"rendered":"<p>Desde este lunes 28 comenzara en colegios secundarios, el desarrollo del programa de apoyo a<\/p>\n","protected":false},"author":3,"featured_media":22911,"comment_status":"open","ping_status":"open","sticky":false,"template":"","format":"standard","meta":{"footnotes":""},"categories":[1],"tags":[],"class_list":["post-22910","post","type-post","status-publish","format-standard","has-post-thumbnail","hentry","category-noticias"],"_links":{"self":[{"href":"https:\/\/24formosa.com.ar\/index.php?rest_route=\/wp\/v2\/posts\/22910","targetHints":{"allow":["GET"]}}],"collection":[{"href":"https:\/\/24formosa.com.ar\/index.php?rest_route=\/wp\/v2\/posts"}],"about":[{"href":"https:\/\/24formosa.com.ar\/index.php?rest_route=\/wp\/v2\/types\/post"}],"author":[{"embeddable":true,"href":"https:\/\/24formosa.com.ar\/index.php?rest_route=\/wp\/v2\/users\/3"}],"replies":[{"embeddable":true,"href":"https:\/\/24formosa.com.ar\/index.php?rest_route=%2Fwp%2Fv2%2Fcomments&post=22910"}],"version-history":[{"count":1,"href":"https:\/\/24formosa.com.ar\/index.php?rest_route=\/wp\/v2\/posts\/22910\/revisions"}],"predecessor-version":[{"id":22912,"href":"https:\/\/24formosa.com.ar\/index.php?rest_route=\/wp\/v2\/posts\/22910\/revisions\/22912"}],"wp:featuredmedia":[{"embeddable":true,"href":"https:\/\/24formosa.com.ar\/index.php?rest_route=\/wp\/v2\/media\/22911"}],"wp:attachment":[{"href":"https:\/\/24formosa.com.ar\/index.php?rest_route=%2Fwp%2Fv2%2Fmedia&parent=22910"}],"wp:term":[{"taxonomy":"category","embeddable":true,"href":"https:\/\/24formosa.com.ar\/index.php?rest_route=%2Fwp%2Fv2%2Fcategories&post=22910"},{"taxonomy":"post_tag","embeddable":true,"href":"https:\/\/24formosa.com.ar\/index.php?rest_route=%2Fwp%2Fv2%2Ftags&post=22910"}],"curies":[{"name":"wp","href":"https:\/\/api.w.org\/{rel}","templated":true}]}}