{"id":22907,"date":"2019-01-27T22:22:02","date_gmt":"2019-01-28T01:22:02","guid":{"rendered":"https:\/\/24formosa.com.ar\/?p=22907"},"modified":"2023-01-16T11:41:28","modified_gmt":"2023-01-16T14:41:28","slug":"intendente-de-formosa-postula-a-insfran-como-candidato-a-presidente","status":"publish","type":"post","link":"https:\/\/24formosa.com.ar\/?p=22907","title":{"rendered":"Intendente de Formosa postula a Insfr\u00e1n como candidato a presidente"},"content":{"rendered":"\n<p>\n\nEl intendente de la localidad formose\u00f1a de El Colorado, Mario Brignole, dijo hoy a T\u00e9lam que como \u201cel justicialismo a\u00fan no tiene unificado un discurso, quien mejor representa el pensamiento nacional y popular en la Argentina es Gildo Insfr\u00e1n\u201d, por esto consider\u00f3 que debe \u201cser candidato a presidente y Ver\u00f3nica Magario como compa\u00f1era de f\u00f3rmula\u201d.<\/p>\n\n\n\n<p>El jefe comunal de La Perla del Sur (El Colorado),&nbsp; distante unos 150 kil\u00f3metros al sur de la capital,&nbsp; quien tambi\u00e9n tiene ambiciones de ser gobernador de esa provincia, justifico sus dichos diciendo que Insfr\u00e1n est\u00e1 respaldado&nbsp; por su gesti\u00f3n como gobernador, \u201cque a pesar de la crisis en el pa\u00eds, el contin\u00faa inaugurando obras, paga los sueldos en tiempo y forma y tiene un fondo anti crisis&nbsp; a contra pelo de lo que es el escenario nacional\u201d.<br>Con respecto a la f\u00f3rmula presidencial, Brignole dijo que \u201cel como presidente del Congreso Nacional Justicialista tendr\u00e1 otra mirada\u201d y opino que \u201cpodr\u00eda ser alg\u00fan intendente de representatividad en la provincia de Buenos Aires como Ver\u00f3nica Magario o alg\u00fan otro gobernador\u201d.<br>Finalmente expreso sus deseos de ser gobernador de la provincia norte\u00f1a, \u201cyo estoy convencido de que despu\u00e9s de 35 a\u00f1os de militancia dentro del partido justicialista de haber sido director de administraci\u00f3n del Consejo de Educaci\u00f3n, de haber sido subcontador general de la provincia, de 5 mandatos como intendente, voy por 20 a\u00f1os como intendente municipal, c\u00f3mo no estar convencido de estar capacitado para gobernar la provincia\u201d.<br><\/p>\n","protected":false},"excerpt":{"rendered":"<p>El intendente de la localidad formose\u00f1a de El Colorado, Mario Brignole, dijo hoy a T\u00e9lam<\/p>\n","protected":false},"author":3,"featured_media":22908,"comment_status":"open","ping_status":"open","sticky":false,"template":"","format":"standard","meta":{"footnotes":""},"categories":[1],"tags":[],"class_list":["post-22907","post","type-post","status-publish","format-standard","has-post-thumbnail","hentry","category-noticias"],"_links":{"self":[{"href":"https:\/\/24formosa.com.ar\/index.php?rest_route=\/wp\/v2\/posts\/22907","targetHints":{"allow":["GET"]}}],"collection":[{"href":"https:\/\/24formosa.com.ar\/index.php?rest_route=\/wp\/v2\/posts"}],"about":[{"href":"https:\/\/24formosa.com.ar\/index.php?rest_route=\/wp\/v2\/types\/post"}],"author":[{"embeddable":true,"href":"https:\/\/24formosa.com.ar\/index.php?rest_route=\/wp\/v2\/users\/3"}],"replies":[{"embeddable":true,"href":"https:\/\/24formosa.com.ar\/index.php?rest_route=%2Fwp%2Fv2%2Fcomments&post=22907"}],"version-history":[{"count":1,"href":"https:\/\/24formosa.com.ar\/index.php?rest_route=\/wp\/v2\/posts\/22907\/revisions"}],"predecessor-version":[{"id":22909,"href":"https:\/\/24formosa.com.ar\/index.php?rest_route=\/wp\/v2\/posts\/22907\/revisions\/22909"}],"wp:featuredmedia":[{"embeddable":true,"href":"https:\/\/24formosa.com.ar\/index.php?rest_route=\/wp\/v2\/media\/22908"}],"wp:attachment":[{"href":"https:\/\/24formosa.com.ar\/index.php?rest_route=%2Fwp%2Fv2%2Fmedia&parent=22907"}],"wp:term":[{"taxonomy":"category","embeddable":true,"href":"https:\/\/24formosa.com.ar\/index.php?rest_route=%2Fwp%2Fv2%2Fcategories&post=22907"},{"taxonomy":"post_tag","embeddable":true,"href":"https:\/\/24formosa.com.ar\/index.php?rest_route=%2Fwp%2Fv2%2Ftags&post=22907"}],"curies":[{"name":"wp","href":"https:\/\/api.w.org\/{rel}","templated":true}]}}