{"id":22878,"date":"2019-01-23T21:20:54","date_gmt":"2019-01-24T00:20:54","guid":{"rendered":"https:\/\/24formosa.com.ar\/?p=22878"},"modified":"2023-01-16T11:31:54","modified_gmt":"2023-01-16T14:31:54","slug":"comparsas-de-toda-la-provincia-se-presentan-este-jueves-en-el-anfiteatro","status":"publish","type":"post","link":"https:\/\/24formosa.com.ar\/?p=22878","title":{"rendered":"Comparsas de toda la provincia se presentan este jueves en el Anfiteatro"},"content":{"rendered":"\n<p>\u201cLa provincia de Formosa en estos \u00faltimos a\u00f1os fue consolidando la organizaci\u00f3n de sus carnavales no solo en la ciudad capital sino en una veintena de localidades del interior. Esto hace que los formose\u00f1os puedan manifestarse con mucho entusiasmo y nos hacen&nbsp; identificar como \u201cCapital nacional de la alegr\u00eda\u201d, expuso el diputado nacional Ramiro Fern\u00e1ndez Patri.<\/p>\n\n\n\n<p>El legislador que ocupa la vicepresidencia de la comisi\u00f3n de Turismo de la C\u00e1mara Baja,&nbsp; revelo que este jueves pasadas las 18 representantes de los corsos de toda la provincia desplegaran sus bailes, atuendos y grupos r\u00edtmicos.<\/p>\n\n\n\n<p>Destaco que \u201caun en este contexto dif\u00edcil el pueblo se muestra unido, organizado y solidario, y estos corsos barriales y populares de la ciudad&nbsp; es una muestra palmaria de lo afirmado. Y es que la familia en general encontr\u00f3 un espacio de participaci\u00f3n y protagonismo en estas fiestas, y lo propio en muchas poblaciones formose\u00f1as\u201d.<\/p>\n\n\n\n<p>Aludi\u00f3 a la tarea con distintas \u00e1reas de gobierno para organizar un gran lanzamiento de Formosa como \u201cCapital nacional de la alegr\u00eda\u201d, donde desde el primer fin de semana de febrero al primer fin de semana de marzo, se podr\u00e1n disfrutar de los corsos en diferentes localidades.<\/p>\n\n\n\n<p>\u201cY no solo los corsos, sino tambi\u00e9n manifestaciones culturales son con mucha alegr\u00eda. Es una caracter\u00edstica propia de los formose\u00f1os, por eso el pr\u00f3ximo jueves 31 y junto a comparsas de diferentes localidades, vamos a lanzar esta consigna que plantemos sea el sello de la provincia en el Anfiteatro\u201d, expuso.<\/p>\n\n\n\n<p>Fern\u00e1ndez Patri dijo que \u201clos corsos de la ciudad fueron adquiriendo una gran envergadura, ya que tenemos unas 24 comparsas con un centenar y medio de integrantes en promedio cada una. Pero en todo el interior se organizan muy buenos carnavales, con identidad propia y tradici\u00f3n, por ejemplo en Ibarreta donde existe enorme entusiasmo de todo el pueblo, o en la zona oeste donde se mixturan los caporales y sentir de los abor\u00edgenes\u201d.<\/p>\n\n\n\n<p>\u201cEs muy rico todo esto, y la idea pasa por mostrar los diferentes tipos de carnavales que tenemos en la provincia, y representantes de cada una de las localidades estar\u00e1n desfilando este jueves en el Anfiteatro de la Juventud\u201d, expuso.<br>Conto por ejemplo que en Villafa\u00f1e es el primero corso que arranca el 1 y 2 de febrero, aunque en otros lugares tendr\u00e1n su fiesta de carnaval, como Ibarreta, Villa Escolar, Pozo del Tigre, Estanislao del Campo, Mansilla, Clorinda, Laishi, Las Lomitas, Laguna Blanca son las que ya tienen fecha fijada, y muchas otras que se ir\u00e1n sumando. Cada fiesta de carnaval una con sus rasgos distintivos, lo que las hace m\u00e1s atrayentes.<\/p>\n\n\n\n<p>\u201cHay much\u00edsimas propuestas de entretenimiento en cada localidad, los municipios est\u00e1n trabajando muy bien, y sin dudas que junto al gobierno provincial, han dise\u00f1ado un amplio programa para el esparcimiento en este tiempo donde ir de vacaciones resulta muy complejo ante la dif\u00edcil situaci\u00f3n nacional\u201d, expuso concluyente.<\/p>\n","protected":false},"excerpt":{"rendered":"<p>\u201cLa provincia de Formosa en estos \u00faltimos a\u00f1os fue consolidando la organizaci\u00f3n de sus carnavales<\/p>\n","protected":false},"author":3,"featured_media":22879,"comment_status":"open","ping_status":"open","sticky":false,"template":"","format":"standard","meta":{"footnotes":""},"categories":[1],"tags":[],"class_list":["post-22878","post","type-post","status-publish","format-standard","has-post-thumbnail","hentry","category-noticias"],"_links":{"self":[{"href":"https:\/\/24formosa.com.ar\/index.php?rest_route=\/wp\/v2\/posts\/22878","targetHints":{"allow":["GET"]}}],"collection":[{"href":"https:\/\/24formosa.com.ar\/index.php?rest_route=\/wp\/v2\/posts"}],"about":[{"href":"https:\/\/24formosa.com.ar\/index.php?rest_route=\/wp\/v2\/types\/post"}],"author":[{"embeddable":true,"href":"https:\/\/24formosa.com.ar\/index.php?rest_route=\/wp\/v2\/users\/3"}],"replies":[{"embeddable":true,"href":"https:\/\/24formosa.com.ar\/index.php?rest_route=%2Fwp%2Fv2%2Fcomments&post=22878"}],"version-history":[{"count":1,"href":"https:\/\/24formosa.com.ar\/index.php?rest_route=\/wp\/v2\/posts\/22878\/revisions"}],"predecessor-version":[{"id":22880,"href":"https:\/\/24formosa.com.ar\/index.php?rest_route=\/wp\/v2\/posts\/22878\/revisions\/22880"}],"wp:featuredmedia":[{"embeddable":true,"href":"https:\/\/24formosa.com.ar\/index.php?rest_route=\/wp\/v2\/media\/22879"}],"wp:attachment":[{"href":"https:\/\/24formosa.com.ar\/index.php?rest_route=%2Fwp%2Fv2%2Fmedia&parent=22878"}],"wp:term":[{"taxonomy":"category","embeddable":true,"href":"https:\/\/24formosa.com.ar\/index.php?rest_route=%2Fwp%2Fv2%2Fcategories&post=22878"},{"taxonomy":"post_tag","embeddable":true,"href":"https:\/\/24formosa.com.ar\/index.php?rest_route=%2Fwp%2Fv2%2Ftags&post=22878"}],"curies":[{"name":"wp","href":"https:\/\/api.w.org\/{rel}","templated":true}]}}