{"id":22875,"date":"2019-01-22T20:20:09","date_gmt":"2019-01-22T23:20:09","guid":{"rendered":"https:\/\/24formosa.com.ar\/?p=22875"},"modified":"2023-01-16T11:31:54","modified_gmt":"2023-01-16T14:31:54","slug":"el-jueves-31-lanzan-los-corsos-barriales-y-populares-formosenos","status":"publish","type":"post","link":"https:\/\/24formosa.com.ar\/?p=22875","title":{"rendered":"El jueves 31 lanzan los corsos barriales y populares formose\u00f1os"},"content":{"rendered":"\n<p>\n\nBajo la consigna de que \u201clo que viene es lo mejor\u201d el pr\u00f3ximo jueves 31 de enero a las 18 se realizar\u00e1 el lanzamiento de los \u201ccorsos barriales y populares, formose\u00f1os, inclusivos, participativos y gratuitos\u201d.&nbsp;<\/p>\n\n\n\n<p>Sera en el Anfiteatro de la Juventud, cuya continuidad y brillo se enmarca en la idea de posicionar a Formosa como \u201cla capital de la alegr\u00eda\u201d.&nbsp;<\/p>\n\n\n\n<p>Este propuesta que se reedita anualmente para estas fechas, cuenta con el fuerte apoyo del Gobierno Provincial, a partir de ser una de las mayores manifestaciones populares, caracterizada por el sentir de las familias que se unen para recrear la fiesta carnestolenda. Con ritmos que promueven la alegr\u00eda, la participaci\u00f3n en unidad, numerosas comparsas y batucadas de los diferentes barrios de la ciudad, renuevan este sentir social.&nbsp;<\/p>\n\n\n\n<p>Y durante el d\u00eda s\u00e1bado 31 varias comparsas, batucadas y muchos otros que recrean anualmente los carnavales formose\u00f1os, se presentaran por anticipado mostrando algunas de las muchas facetas que desplegaran en las jornadas a desarrollarse en poco m\u00e1s de un mes.&nbsp;<\/p>\n\n\n\n<p>El diputado nacional Ramiro Fern\u00e1ndez Patri, vicepresidente de la comisi\u00f3n de Turismo en la C\u00e1mara Baja, junto a la secretaria de la Mujer, Ang\u00e9lica Garc\u00eda, el subsecretario de Cultura, Alfredo Jara, el miembro de la comisi\u00f3n organizadora de los corsos barriales, el Escribano Mayo de Gobierno, H\u00e9ctor Gallardo, el asesor de la cartera de Turismo, Gustavo Silguero, estuvieron reunidos este martes delineando todos los aprestos del lanzamiento que se viene&nbsp;<\/p>\n\n\n\n<p>Miembros de la comisi\u00f3n organizadora ya expusieron algunos pormenores de la fiesta que este a\u00f1o tiene como consigna \u201cLo que viene es mejor\u201d, por lo cual las comparsas deber\u00e1n reflejar mensajes alusivos a esta tem\u00e1tica de optimismo y fe.&nbsp;<\/p>\n\n\n\n<p>Fue subrayado asimismo que \u201cson much\u00edsimas las familias involucradas en las distintas barriadas, las cuales junto a dirigentes comunitarios est\u00e1n trabajando muy fuerte en las carrosas alusivas, batucadas, murgas, m\u00e1scaras sueltas, grupos musicales, y tambi\u00e9n invitando a todo aquel que quiera sumarse a esta fiesta de la alegr\u00eda\u201d.&nbsp;<\/p>\n\n\n\n<p>Cabe recordar que los \u201ccorsos barriales y populares formose\u00f1os\u201d, de car\u00e1cter gratuito, se desarrollar\u00e1n ya sea su apertura el 28 de febrero o en su defecto el 1\u00b0 de marzo, continuando en las cuatro jornadas subsiguientes.&nbsp;<\/p>\n\n\n\n<p><\/p>\n\n\n\n<p>Es decir que si finalmente se decide por el \u00faltimo d\u00eda de febrero, se har\u00e1 el 1, 2, 3 y 4 de marzo, en caso de que la fiesta arranque el 1\u00b0 de marzo, se extender\u00e1 al 5 de ese mes estim\u00e1ndose optimista que un marco multitudinario de formose\u00f1os se sumar\u00e1n a las sucesivas jornadas de esta nueva edici\u00f3n de la fiesta que tambi\u00e9n tiene el car\u00e1cter de \u201cinclusivos, participativos y gratuitos\u201d.&nbsp;<\/p>\n\n\n\n<p>Se agrega una jornada respecto a ediciones anteriores, ahora ser\u00e1n en cinco diferentes sectores de la ciudad: Barrio Nueva Formosa que se agrega, adem\u00e1s de la jurisdicci\u00f3n Cinco, sobre avenida Juan Domingo Per\u00f3n, avenida N\u00e9stor Kirchner y la noche cierre sobre avenida Gutnisky.&nbsp;\n\n<\/p>\n","protected":false},"excerpt":{"rendered":"<p>Bajo la consigna de que \u201clo que viene es lo mejor\u201d el pr\u00f3ximo jueves 31<\/p>\n","protected":false},"author":3,"featured_media":22876,"comment_status":"open","ping_status":"open","sticky":false,"template":"","format":"standard","meta":{"footnotes":""},"categories":[1],"tags":[],"class_list":["post-22875","post","type-post","status-publish","format-standard","has-post-thumbnail","hentry","category-noticias"],"_links":{"self":[{"href":"https:\/\/24formosa.com.ar\/index.php?rest_route=\/wp\/v2\/posts\/22875","targetHints":{"allow":["GET"]}}],"collection":[{"href":"https:\/\/24formosa.com.ar\/index.php?rest_route=\/wp\/v2\/posts"}],"about":[{"href":"https:\/\/24formosa.com.ar\/index.php?rest_route=\/wp\/v2\/types\/post"}],"author":[{"embeddable":true,"href":"https:\/\/24formosa.com.ar\/index.php?rest_route=\/wp\/v2\/users\/3"}],"replies":[{"embeddable":true,"href":"https:\/\/24formosa.com.ar\/index.php?rest_route=%2Fwp%2Fv2%2Fcomments&post=22875"}],"version-history":[{"count":1,"href":"https:\/\/24formosa.com.ar\/index.php?rest_route=\/wp\/v2\/posts\/22875\/revisions"}],"predecessor-version":[{"id":22877,"href":"https:\/\/24formosa.com.ar\/index.php?rest_route=\/wp\/v2\/posts\/22875\/revisions\/22877"}],"wp:featuredmedia":[{"embeddable":true,"href":"https:\/\/24formosa.com.ar\/index.php?rest_route=\/wp\/v2\/media\/22876"}],"wp:attachment":[{"href":"https:\/\/24formosa.com.ar\/index.php?rest_route=%2Fwp%2Fv2%2Fmedia&parent=22875"}],"wp:term":[{"taxonomy":"category","embeddable":true,"href":"https:\/\/24formosa.com.ar\/index.php?rest_route=%2Fwp%2Fv2%2Fcategories&post=22875"},{"taxonomy":"post_tag","embeddable":true,"href":"https:\/\/24formosa.com.ar\/index.php?rest_route=%2Fwp%2Fv2%2Ftags&post=22875"}],"curies":[{"name":"wp","href":"https:\/\/api.w.org\/{rel}","templated":true}]}}