{"id":22868,"date":"2019-01-22T20:14:24","date_gmt":"2019-01-22T23:14:24","guid":{"rendered":"https:\/\/24formosa.com.ar\/?p=22868"},"modified":"2023-01-16T11:41:29","modified_gmt":"2023-01-16T14:41:29","slug":"evocaron-el-73-aniversario-de-la-policia-de-territorios-nacionales","status":"publish","type":"post","link":"https:\/\/24formosa.com.ar\/?p=22868","title":{"rendered":"Evocaron el 73\u00b0 aniversario de la Polic\u00eda de Territorios Nacionales"},"content":{"rendered":"\n<p>\n\nEn un acto realizado este martes por la ma\u00f1ana en la plazoleta central de la avenida 25 de Mayo y Libertad se conmemor\u00f3 un nuevo aniversario \u2013el 73\u00b0- de Polic\u00eda de los Territorios Nacionales, el mismo encabezado por el Jefe de Polic\u00eda, comisario general Walter Arroyo, y durante el mismo se rindi\u00f3 homenaje al personal que form\u00f3 parte de esa prestigiosa unidad d\u00e9cadas atr\u00e1s.<\/p>\n\n\n\n<p>Tras la realizaci\u00f3n de un oficio religioso celebrado en la capilla de la comisar\u00eda seccional segunda, este martes frente al monolito erigido en la plazoleta ubicada en la intersecci\u00f3n de la avenida 25 de Mayo y Libertad intersecci\u00f3n, la plana mayor de la fuerza encabezada por su jefe, el comisario general Walter Arroyo, efectu\u00f3 el dep\u00f3sito de ofrendas florales y toque de silencio en homenaje a la memoria de los integrantes de la Polic\u00eda de los Territorios Nacionales.<\/p>\n\n\n\n<p>Territorianos y familiares, que son parte del Centro de Retirados y Pensionados de los Territorios Nacionales, significaron el sentimiento com\u00fan de rendir homenaje a quienes prestaron sus servicios dando presencia argentina en las fronteras, en nuestro caso en el entonces territorio del Chaco.<\/p>\n\n\n\n<p>Autoridades de gobierno, como el subsecretario de Lucha contra el Narcocrimen, Bernab\u00e9 Escobar, destac\u00f3 el justo reconocimiento a aquellos que con gran compromiso con su naci\u00f3n, fueron los que con su presencia pusieron un moj\u00f3n en aquellos a\u00f1os de un territorio agreste, siendo pioneros en la consolidaci\u00f3n de nuestra frontera.<\/p>\n\n\n\n<p>Por decreto 2019 del Poder Ejecutivo, ratificado por Ley 13.030 del 22 de Enero de 1946, se instituye el 22 de enero como el D\u00eda de la Polic\u00eda de Territorios Nacionales\u201d.<br><\/p>\n","protected":false},"excerpt":{"rendered":"<p>En un acto realizado este martes por la ma\u00f1ana en la plazoleta central de la<\/p>\n","protected":false},"author":3,"featured_media":22869,"comment_status":"open","ping_status":"open","sticky":false,"template":"","format":"standard","meta":{"footnotes":""},"categories":[1],"tags":[],"class_list":["post-22868","post","type-post","status-publish","format-standard","has-post-thumbnail","hentry","category-noticias"],"_links":{"self":[{"href":"https:\/\/24formosa.com.ar\/index.php?rest_route=\/wp\/v2\/posts\/22868","targetHints":{"allow":["GET"]}}],"collection":[{"href":"https:\/\/24formosa.com.ar\/index.php?rest_route=\/wp\/v2\/posts"}],"about":[{"href":"https:\/\/24formosa.com.ar\/index.php?rest_route=\/wp\/v2\/types\/post"}],"author":[{"embeddable":true,"href":"https:\/\/24formosa.com.ar\/index.php?rest_route=\/wp\/v2\/users\/3"}],"replies":[{"embeddable":true,"href":"https:\/\/24formosa.com.ar\/index.php?rest_route=%2Fwp%2Fv2%2Fcomments&post=22868"}],"version-history":[{"count":1,"href":"https:\/\/24formosa.com.ar\/index.php?rest_route=\/wp\/v2\/posts\/22868\/revisions"}],"predecessor-version":[{"id":22870,"href":"https:\/\/24formosa.com.ar\/index.php?rest_route=\/wp\/v2\/posts\/22868\/revisions\/22870"}],"wp:featuredmedia":[{"embeddable":true,"href":"https:\/\/24formosa.com.ar\/index.php?rest_route=\/wp\/v2\/media\/22869"}],"wp:attachment":[{"href":"https:\/\/24formosa.com.ar\/index.php?rest_route=%2Fwp%2Fv2%2Fmedia&parent=22868"}],"wp:term":[{"taxonomy":"category","embeddable":true,"href":"https:\/\/24formosa.com.ar\/index.php?rest_route=%2Fwp%2Fv2%2Fcategories&post=22868"},{"taxonomy":"post_tag","embeddable":true,"href":"https:\/\/24formosa.com.ar\/index.php?rest_route=%2Fwp%2Fv2%2Ftags&post=22868"}],"curies":[{"name":"wp","href":"https:\/\/api.w.org\/{rel}","templated":true}]}}