{"id":22634,"date":"2019-01-03T21:10:43","date_gmt":"2019-01-04T00:10:43","guid":{"rendered":"https:\/\/24formosa.com.ar\/?p=22634"},"modified":"2023-01-16T11:31:54","modified_gmt":"2023-01-16T14:31:54","slug":"atractivos-espectaculos-por-el-dia-de-los-reyes-magos-en-la-plaza-san-martin","status":"publish","type":"post","link":"https:\/\/24formosa.com.ar\/?p=22634","title":{"rendered":"Atractivos espect\u00e1culos por el D\u00eda de los Reyes Magos en la plaza San Mart\u00edn"},"content":{"rendered":"\n<p>El pr\u00f3ximo domingo 6 de enero, en la plaza San Mart\u00edn, a partir de las 19:30 horas, la Direcci\u00f3n de Cultura del municipio capitalino montar\u00e1 un escenario para que los ni\u00f1os disfruten con el divertido repertorio del payaso Ruloman\u00eda y la presentaci\u00f3n del titiritero Lu\u00eds Carpiel.<\/p>\n\n\n\n<p>Durante el evento, adem\u00e1s, se desarrollar\u00e1n juegos con animaci\u00f3n, se realizar\u00e1n sorteos y habr\u00e1 obsequios de juguetes a los ni\u00f1os y las ni\u00f1as presentes.<\/p>\n\n\n\n<p>El \u201cD\u00eda de los Reyes Magos\u201d o \u201cBajada de Reyes\u201d, es la celebraci\u00f3n en la cual las familias cat\u00f3licas conmemoran, cada 6 de enero, la visita de los tres reyes magos al pesebre de Jes\u00fas, en Bel\u00e9n.<\/p>\n\n\n\n<p>\u201cInvitamos a todos los ni\u00f1os y ni\u00f1as, y a las familias, a concurrir a la plaza San Mart\u00edn, para compartir estas actividades culturales en vacaciones, con m\u00fasica, shows en vivo y mucha diversi\u00f3n; todo organizado por la Municipalidad de la Ciudad, a trav\u00e9s de esta direcci\u00f3n, como venimos haciendo todos los a\u00f1os desde la gesti\u00f3n del intendente Jorge Jofr\u00e9\u201d, coment\u00f3 el director de Cultura municipal, Javier Ram\u00edrez.<\/p>\n\n\n\n<p>Asoci\u00e1ndose a la celebraci\u00f3n, tambi\u00e9n estar\u00e1 presente un stand de la Direcci\u00f3n de Zoonosis y Protecci\u00f3n Animal, junto a las asociaciones protectoras y voluntarios independientes, brindando charlas, consejos e informaci\u00f3n \u00fatil para el cuidado y bienestar de las mascotas.<\/p>\n","protected":false},"excerpt":{"rendered":"<p>El pr\u00f3ximo domingo 6 de enero, en la plaza San Mart\u00edn, a partir de las<\/p>\n","protected":false},"author":3,"featured_media":22635,"comment_status":"open","ping_status":"open","sticky":false,"template":"","format":"standard","meta":{"footnotes":""},"categories":[1],"tags":[],"class_list":["post-22634","post","type-post","status-publish","format-standard","has-post-thumbnail","hentry","category-noticias"],"_links":{"self":[{"href":"https:\/\/24formosa.com.ar\/index.php?rest_route=\/wp\/v2\/posts\/22634","targetHints":{"allow":["GET"]}}],"collection":[{"href":"https:\/\/24formosa.com.ar\/index.php?rest_route=\/wp\/v2\/posts"}],"about":[{"href":"https:\/\/24formosa.com.ar\/index.php?rest_route=\/wp\/v2\/types\/post"}],"author":[{"embeddable":true,"href":"https:\/\/24formosa.com.ar\/index.php?rest_route=\/wp\/v2\/users\/3"}],"replies":[{"embeddable":true,"href":"https:\/\/24formosa.com.ar\/index.php?rest_route=%2Fwp%2Fv2%2Fcomments&post=22634"}],"version-history":[{"count":1,"href":"https:\/\/24formosa.com.ar\/index.php?rest_route=\/wp\/v2\/posts\/22634\/revisions"}],"predecessor-version":[{"id":22636,"href":"https:\/\/24formosa.com.ar\/index.php?rest_route=\/wp\/v2\/posts\/22634\/revisions\/22636"}],"wp:featuredmedia":[{"embeddable":true,"href":"https:\/\/24formosa.com.ar\/index.php?rest_route=\/wp\/v2\/media\/22635"}],"wp:attachment":[{"href":"https:\/\/24formosa.com.ar\/index.php?rest_route=%2Fwp%2Fv2%2Fmedia&parent=22634"}],"wp:term":[{"taxonomy":"category","embeddable":true,"href":"https:\/\/24formosa.com.ar\/index.php?rest_route=%2Fwp%2Fv2%2Fcategories&post=22634"},{"taxonomy":"post_tag","embeddable":true,"href":"https:\/\/24formosa.com.ar\/index.php?rest_route=%2Fwp%2Fv2%2Ftags&post=22634"}],"curies":[{"name":"wp","href":"https:\/\/api.w.org\/{rel}","templated":true}]}}