{"id":22630,"date":"2019-01-03T21:02:54","date_gmt":"2019-01-04T00:02:54","guid":{"rendered":"https:\/\/24formosa.com.ar\/?p=22630"},"modified":"2023-01-16T11:41:33","modified_gmt":"2023-01-16T14:41:33","slug":"parque-acuatico-local-no-es-virtual-como-falsa-pileta-del-gobierno-porteno","status":"publish","type":"post","link":"https:\/\/24formosa.com.ar\/?p=22630","title":{"rendered":"Parque Acu\u00e1tico local \u201cno es virtual\u201d como falsa \u201cpileta\u201d del gobierno porte\u00f1o"},"content":{"rendered":"\n<p>Al destacar la concreci\u00f3n con fondos propios de la provincia del atractivo Parque Acu\u00e1tico en el barrio Eva Per\u00f3n, n\u00facleo de la Jurisdicci\u00f3n Cinco, la ministra secretaria general del Poder Ejecutivo, Cecilia Guardia Mendonca, manifest\u00f3 que \u201cno es virtual\u201d, en alusi\u00f3n a la \u201cpileta\u201d pintada que habilit\u00f3 el jefe de Gobierno de la Ciudad de Buenos Aires, Horacio Rodr\u00edguez Larreta.<\/p>\n\n\n\n<p>Aludi\u00f3 a que el gobernador Gildo Insfr\u00e1n encabez\u00f3 el primer d\u00eda h\u00e1bil del a\u00f1o la inauguraci\u00f3n del imponente espacio recreativo, sobre el cual signific\u00f3 que se trataba de un emprendimiento enmarcado en la igualdad de oportunidades para todos los formose\u00f1os, asegurando que su gesti\u00f3n mantendr\u00e1 realizaciones que necesita la comunidad provincial, a pesar de la ausencia nacional para encarar trabajos esenciales para los habitantes.<\/p>\n\n\n\n<p>En ese marco, la ministra Guardia Mendonca destac\u00f3 que en la inauguraci\u00f3n \u201cs\u00f3lo hubo alegr\u00eda y algarab\u00eda por parte de los chicos, quienes pudieron compartir una hermosa jornada y todos juntos formamos parte de esta hermosa inauguraci\u00f3n que realiz\u00f3 el gobernador Insfr\u00e1n\u201d.<\/p>\n\n\n\n<p>\u201cEste es un enorme esfuerzo que hizo el Gobierno provincial porque todo esto fue construido pura y exclusivamente con fondos propios de la provincia\u201d, valor\u00f3 la funcionaria, haciendo notar, categ\u00f3rica, que \u201cesto no es virtual\u201d, aludiendo as\u00ed la falsa \u201cpileta\u201d \u2013un espacio pintado de azul- que Rodr\u00edguez Larreta inaugur\u00f3 el verano pasado en \u201cBuenos Aires Playa\u201d.<\/p>\n\n\n\n<p>Cabe recordar que Rodr\u00edguez Larreta no tuvo mejor idea que sumar una falsa \u201cpileta\u201d para contener los juegos de agua para los m\u00e1s chicos. Si se lo miraba desde arriba parec\u00eda una verdadera piscina, pero s\u00f3lo era un espacio pintado de azul. La obra gener\u00f3 enojo en los porte\u00f1os y en las redes sociales le dijeron de todo al funcionario macrista.<\/p>\n\n\n\n<p>En el extremo contrario, el atractivo Parque Acu\u00e1tico inaugurado en Formosa es imponente, ya que la obra es parte de un proyecto integral recreativo que abarca casi nueve hect\u00e1reas de intervenci\u00f3n. El sector de piletas recreativas se desarrolla sobre la avenida Ra\u00fal Alfons\u00edn en una superficie de intervenci\u00f3n de una hect\u00e1rea y media, distanci\u00e1ndolas de las restantes actividades del parque, de manera de lograr una mayor intimidad para el desarrollo de la misma.<\/p>\n\n\n\n<p>Las inmensas piletas se plantearon de acuerdo a tres clasificaciones etarias o condiciones de usos con una capacidad m\u00e1xima de un millar y medio de personas y con una infraestructura adicional de espacios de sol\u00e1rium y juegos para un millar de personas m\u00e1s, completando un total de dos millares de asistentes en todas las instalaciones.<\/p>\n\n\n\n<p>Todo el complejo cuenta con sectores de sol\u00e1rium, pergolados y juegos para los ni\u00f1os, tanto en los bordes de las piletas como alejados del mismo, sum\u00e1ndose a las instalaciones un sector de cocina con barra y de expansi\u00f3n.<br><br><strong>Espacio recreativo<\/strong><br><br>En ese sentido, la ministra Guardia Mendonca remarc\u00f3 que \u201cel parque cuenta con tres piscinas, cada una de ellas est\u00e1 adaptada para diferentes edades. La m\u00e1s peque\u00f1a es la de forma circular que tiene los juegos en el medio y est\u00e1 adaptada para los ni\u00f1os a partir de los seis meses de edad, que son aquellos que se pueden sentar, en adelante y hasta los siete a\u00f1os. Cuenta con una profundidad de 20 a 70 cent\u00edmetros\u201d, agregando que \u201cen esa pileta tenemos permanentemente cuidadores, adentro y afuera, debido a la edad de los ni\u00f1os\u201d.<\/p>\n\n\n\n<p>\u201cLa segunda pileta es la que posee un puente y una capacidad para 350 a 400 personas. Es para ni\u00f1os de siete a\u00f1os de edad hasta los 14\u201d, precis\u00f3, indicando que \u201cla \u00faltima piscina es la m\u00e1s grande que va de los 20 cent\u00edmetros de profundidad hasta el metro ochenta, cuenta con los seis toboganes en total y est\u00e1 adaptada para aquellas personas que tengan alguna discapacidad en la movilidad, haciendo hincapi\u00e9 en el aspecto inclusivo de la misma\u201d.<\/p>\n\n\n\n<p>Puso de relieve la funcionaria que \u201chay que valorar esta concreci\u00f3n del Gobierno provincial, m\u00e1s a\u00fan teniendo en cuenta que hay muchas familias que no tienen la capacidad hoy de irse de vacaciones. Y este es un lugar en el cual vamos a dar la posibilidad de que todas las familias formose\u00f1as tengan un espacio recreativo. Eso es sumamente valorable para nosotros\u201d.<\/p>\n\n\n\n<p>Finalmente inform\u00f3 que el horario en el que funcionar\u00e1n las piletas ser\u00e1 a partir de las 15.30 hasta las 20 horas. \u201cHasta esa hora ser\u00e1 pileta libre y luego de 20 a 21 funcionar\u00e1 el aqua gym. Por la ma\u00f1ana vamos a estar realizando las colonias de vacaciones\u201d, aclar\u00f3.<\/p>\n\n\n\n<p>\u201cInvito a todos a que vengan y que disfruten de este complejo. Tenemos el mayor cuidado en higiene y salubridad. Queremos que este sea un espacio recreativo en el que toda la familia pueda venir a pasar un momento divertido y alegre, refresc\u00e1ndose en estas altas temperaturas\u201d, concluy\u00f3.<\/p>\n","protected":false},"excerpt":{"rendered":"<p>Al destacar la concreci\u00f3n con fondos propios de la provincia del atractivo Parque Acu\u00e1tico en<\/p>\n","protected":false},"author":3,"featured_media":22631,"comment_status":"open","ping_status":"open","sticky":false,"template":"","format":"standard","meta":{"footnotes":""},"categories":[1],"tags":[],"class_list":["post-22630","post","type-post","status-publish","format-standard","has-post-thumbnail","hentry","category-noticias"],"_links":{"self":[{"href":"https:\/\/24formosa.com.ar\/index.php?rest_route=\/wp\/v2\/posts\/22630","targetHints":{"allow":["GET"]}}],"collection":[{"href":"https:\/\/24formosa.com.ar\/index.php?rest_route=\/wp\/v2\/posts"}],"about":[{"href":"https:\/\/24formosa.com.ar\/index.php?rest_route=\/wp\/v2\/types\/post"}],"author":[{"embeddable":true,"href":"https:\/\/24formosa.com.ar\/index.php?rest_route=\/wp\/v2\/users\/3"}],"replies":[{"embeddable":true,"href":"https:\/\/24formosa.com.ar\/index.php?rest_route=%2Fwp%2Fv2%2Fcomments&post=22630"}],"version-history":[{"count":1,"href":"https:\/\/24formosa.com.ar\/index.php?rest_route=\/wp\/v2\/posts\/22630\/revisions"}],"predecessor-version":[{"id":22632,"href":"https:\/\/24formosa.com.ar\/index.php?rest_route=\/wp\/v2\/posts\/22630\/revisions\/22632"}],"wp:featuredmedia":[{"embeddable":true,"href":"https:\/\/24formosa.com.ar\/index.php?rest_route=\/wp\/v2\/media\/22631"}],"wp:attachment":[{"href":"https:\/\/24formosa.com.ar\/index.php?rest_route=%2Fwp%2Fv2%2Fmedia&parent=22630"}],"wp:term":[{"taxonomy":"category","embeddable":true,"href":"https:\/\/24formosa.com.ar\/index.php?rest_route=%2Fwp%2Fv2%2Fcategories&post=22630"},{"taxonomy":"post_tag","embeddable":true,"href":"https:\/\/24formosa.com.ar\/index.php?rest_route=%2Fwp%2Fv2%2Ftags&post=22630"}],"curies":[{"name":"wp","href":"https:\/\/api.w.org\/{rel}","templated":true}]}}