{"id":22623,"date":"2019-01-02T19:40:31","date_gmt":"2019-01-02T22:40:31","guid":{"rendered":"https:\/\/24formosa.com.ar\/?p=22623"},"modified":"2023-01-16T11:41:33","modified_gmt":"2023-01-16T14:41:33","slug":"bolsones-con-frutas-a-mas-de-ocho-mil-beneficiarios-del-plan-alimentario-nutrir","status":"publish","type":"post","link":"https:\/\/24formosa.com.ar\/?p=22623","title":{"rendered":"Bolsones con frutas a m\u00e1s de ocho mil beneficiarios del Plan Alimentario Nutrir"},"content":{"rendered":"\n<p>Este domingo los m\u00e1s de ocho beneficiarios del Plan Alimentario Nutrir recibieron en los siete centros de distribuci\u00f3n, un bols\u00f3n especial conteniendo seis tipos diferentes de frutas.<\/p>\n\n\n\n<p>El ministro de la Comunidad An\u00edbal G\u00f3mez estuvo recorriendo los centros a fin de monitorear la entrega, aludiendo a que en los \u00faltimos d\u00edas se desarrollo una fuerte tarea en el armado de las bolsas con las frutas y llegar a cada uno de los centros de distribuci\u00f3n para su entrega, para lo cual se dispuso los recursos humanos y la log\u00edstica correspondiente.<\/p>\n\n\n\n<p>\u201cEsto nos permiti\u00f3 que este domingo desde horas tempranas cada familia pueda recibir su bolsa, para lo cual se estableci\u00f3 un horario hasta horas del mediod\u00eda y tras una breve pausa se reinicio la entrega por la tarde\u201d, indico,<\/p>\n\n\n\n<p>Aludi\u00f3 a que esta iniciativa enmarcada en el plan Nutrir es un beneficio m\u00e1s que surgi\u00f3 a partir de expresas directivas del gobernador (Gildo)<br>Insfr\u00e1n .<\/p>\n\n\n\n<p>\u201cSe busca aliviar en las familias m\u00e1s carenciadas los efectos de la crisis econ\u00f3mica y social causada por las actuales pol\u00edticas del gobierno nacional. Lo hacemos con el Plan Provincial Alimentario, y este aporte de frutas es un complemento mas dentro del acceso a canastas con alimentos frescos producidos por los peque\u00f1os productores agropecuarios formose\u00f1os o paipperos\u201d, expuso.<\/p>\n\n\n\n<p>Lamento el ministro que \u201ccada vez hay m\u00e1s pobres e indigentes en todo el pa\u00eds ante este modelo nacional. Esta gente que la est\u00e1 pasando mal necesita la mano generosa del estado que les asegura la comida, como lo hace con otros servicios fundamentales como la salud\u201d.<\/p>\n\n\n\n<p>Explico que \u201cesta entrega tiene car\u00e1cter de especial por la festividad de a\u00f1o nuevo. Le aportamos lo necesario para preparar la tradicional ensalada de fruta: durazno, banana, mel\u00f3n, naranja y anan\u00e1\u201d.<\/p>\n\n\n\n<p>La distribuci\u00f3n se hizo en siete diferentes centros de distribuci\u00f3n de la ciudad, que explico el ministro de acuerdo a la necesidad podr\u00eda abrirse otro, pero por el momento son suficientes para atender la demanda actual.<\/p>\n\n\n\n<p>Todo el verano los centros de los barrios Lote 111, Lisbel Rivira, 7 de Mayo, El Porvenir, Eva Per\u00f3n, Las Orqu\u00eddeas y La Pilar abrir\u00e1n sus puertas para distribuir los bolsos conteniendo carne vacuna y de pollo, verduras, frutas, legumbres y mercader\u00edas varias. Cada familias sabe los d\u00edas y si es por la ma\u00f1ana o tarde que debe pasar a retirar sus bolsas, de esa manera se evitan esperas innecesarias.<\/p>\n\n\n\n<p>Indico G\u00f3mez que \u201calgunos productos van variando a partir de la estacionalidad, y como se trata de lo que se cultiva en la provincia, en este tiempo todo lo que son verduras de hojas como lechuga, acelga, cebollita, perejil es dif\u00edcil conseguir en volumen, pero lo hacemos de todas maneras\u201d.<\/p>\n\n\n\n<p>\u201cEsta canasta alimentaria cuenta con productos como frutas y verduras, hortalizas, legumbres frescas, leche, miel, carnes vacuna y de pollo, arroz, polenta, fideos y otros con un valor que en el \u00e1mbito comercial local ronda los 4.000 pesos, todo ello fundamentado en una dieta elaborada por nutricionistas y profesionales de la salud\u201d, subrayo finalmente.<\/p>\n","protected":false},"excerpt":{"rendered":"<p>Este domingo los m\u00e1s de ocho beneficiarios del Plan Alimentario Nutrir recibieron en los siete<\/p>\n","protected":false},"author":3,"featured_media":22624,"comment_status":"open","ping_status":"open","sticky":false,"template":"","format":"standard","meta":{"footnotes":""},"categories":[1],"tags":[],"class_list":["post-22623","post","type-post","status-publish","format-standard","has-post-thumbnail","hentry","category-noticias"],"_links":{"self":[{"href":"https:\/\/24formosa.com.ar\/index.php?rest_route=\/wp\/v2\/posts\/22623","targetHints":{"allow":["GET"]}}],"collection":[{"href":"https:\/\/24formosa.com.ar\/index.php?rest_route=\/wp\/v2\/posts"}],"about":[{"href":"https:\/\/24formosa.com.ar\/index.php?rest_route=\/wp\/v2\/types\/post"}],"author":[{"embeddable":true,"href":"https:\/\/24formosa.com.ar\/index.php?rest_route=\/wp\/v2\/users\/3"}],"replies":[{"embeddable":true,"href":"https:\/\/24formosa.com.ar\/index.php?rest_route=%2Fwp%2Fv2%2Fcomments&post=22623"}],"version-history":[{"count":1,"href":"https:\/\/24formosa.com.ar\/index.php?rest_route=\/wp\/v2\/posts\/22623\/revisions"}],"predecessor-version":[{"id":22625,"href":"https:\/\/24formosa.com.ar\/index.php?rest_route=\/wp\/v2\/posts\/22623\/revisions\/22625"}],"wp:featuredmedia":[{"embeddable":true,"href":"https:\/\/24formosa.com.ar\/index.php?rest_route=\/wp\/v2\/media\/22624"}],"wp:attachment":[{"href":"https:\/\/24formosa.com.ar\/index.php?rest_route=%2Fwp%2Fv2%2Fmedia&parent=22623"}],"wp:term":[{"taxonomy":"category","embeddable":true,"href":"https:\/\/24formosa.com.ar\/index.php?rest_route=%2Fwp%2Fv2%2Fcategories&post=22623"},{"taxonomy":"post_tag","embeddable":true,"href":"https:\/\/24formosa.com.ar\/index.php?rest_route=%2Fwp%2Fv2%2Ftags&post=22623"}],"curies":[{"name":"wp","href":"https:\/\/api.w.org\/{rel}","templated":true}]}}