{"id":22563,"date":"2018-12-26T23:26:42","date_gmt":"2018-12-27T02:26:42","guid":{"rendered":"https:\/\/24formosa.com.ar\/?p=22563"},"modified":"2023-01-16T11:32:21","modified_gmt":"2023-01-16T14:32:21","slug":"persisten-gestiones-para-reactivar-ultima-etapa-del-centro-de-medicina-nuclear","status":"publish","type":"post","link":"https:\/\/24formosa.com.ar\/?p=22563","title":{"rendered":"Persisten gestiones para reactivar \u00faltima etapa del Centro de Medicina Nuclear"},"content":{"rendered":"\n<p> El secretario de Ciencia y Tecnolog\u00eda de la provincia, el ingeniero Julio Ar\u00e1oz, subray\u00f3 que desde el Gobierno provincial prosiguen las gestiones para finalizar las obras del estrat\u00e9gico y moderno Centro de Medicina Nuclear de Formosa, cuya ejecuci\u00f3n se encuentra ya en la etapa final, presentando m\u00e1s del 80% de avance.\u00a0<\/p>\n\n\n\n<p>\u00abEs un objetivo estrat\u00e9gico no s\u00f3lo para Formosa, sino para toda la regi\u00f3n porque el centro m\u00e1s cercano est\u00e1 en Oro Verde, provincia de Entre R\u00edos. Todo el Norte Grande no cuenta con un centro de las caracter\u00edsticas que tiene el que se est\u00e1 construyendo en Formosa, el cual est\u00e1 en un grado de avance importante, ya pasado el 80%\u00bb, consign\u00f3 el funcionario.<\/p>\n\n\n\n<p>Indic\u00f3 adem\u00e1s que para el mencionado centro \u00abse ha conformado una fundaci\u00f3n con profesionales de la Comisi\u00f3n de Energ\u00eda At\u00f3mica (CNEA) y de la provincia porque es la figura para poder gestionarlo\u00bb, comentando que \u00abhay modelos as\u00ed de gesti\u00f3n en otros centros de medicina nuclear\u00bb.<\/p>\n\n\n\n<p>\u00abEn la red que durante la gesti\u00f3n de Cristina Fern\u00e1ndez de Kirchner se hab\u00eda programado en esto de federalizar el sistema nuclear argentino una de las patas ten\u00eda que ver con la salud; lamentablemente despu\u00e9s (con el Gobierno de Mauricio Macri) es de p\u00fablico conocimiento que las decisiones pol\u00edticas de la Argentina, no s\u00f3lo en lo econ\u00f3mico, en torno a ese sentido federal se modificaron\u00bb, subray\u00f3.<\/p>\n\n\n\n<p>Reproch\u00f3 que \u00abestamos volviendo a un centralismo de la Pampa H\u00fameda y han dejado de atender los compromisos que se hab\u00edan hecho con la Naci\u00f3n argentina en esto de la continuidad institucional y empezaron a incumplir con los acuerdos. Hasta la misma palabra del Presidente con el gobernador Gildo Insfr\u00e1n de terminar el centro\u00bb.<\/p>\n\n\n\n<p>Ahora \u00abestamos en la \u00faltima etapa y seguimos gestionando porque a\u00fan falta el pago de la redeterminaci\u00f3n de obra, esto es poder pagar la diferencia que surge de los contratos que se hicieron en el a\u00f1o 2015 para construir el centro, cuando los precios eran otros\u00bb, detall\u00f3.<\/p>\n\n\n\n<p>\u00abSeguimos gestionando porque lo que no vamos a hacer es bajar los brazos porque es demasiado clara y evidente la necesidad para la regi\u00f3n, nuestra provincia y los formose\u00f1os en particular de acceder a los beneficios de un sistema de salud que ha podido dar en la Argentina ese paso gracias a la acumulaci\u00f3n y al despliegue del conocimiento cient\u00edfico y tecnol\u00f3gico aplicado a la medicina nuclear\u00bb, hizo notar el ingeniero Ar\u00e1oz.<\/p>\n\n\n\n<p>Puso de relieve que \u201cno son muchos los pa\u00edses que tienen esta posibilidad y nosotros pensamos en ese sentido. Cuando el doctor Insfr\u00e1n inici\u00f3 las tratativas, ya en los primeros anuncios en torno a la factibilidad en un futuro de construir un reactor aparec\u00eda tambi\u00e9n la medicina nuclear\u00bb, remarcando que \u00abpudimos cumplir algunos de ellos como el estudio de factibilidad del reactor que se realiz\u00f3 exitosamente, pero hay decisiones ahora que tienen que ver con c\u00f3mo se va a seguir con esta tecnolog\u00eda en el pa\u00eds que son contrarias a los intereses de la Patria\u00bb.<\/p>\n\n\n\n<p><strong>Dioxitek: De 120 a 6 empleados<\/strong><\/p>\n\n\n\n<p>Refiri\u00e9ndose a Dioxitek, se\u00f1al\u00f3 el funcionario que \u00abel a\u00f1o pasado, cuando nos acerc\u00e1bamos a Navidad, ya enfrent\u00e1bamos problemas de despidos de los trabajadores y la empresa que es mendocina y gan\u00f3 la licitaci\u00f3n de una plantilla de aproximadamente 120 empleados se qued\u00f3 con 70. Es decir, 50 familias formose\u00f1as se quedaron sin trabajo en una etapa, y ahora estimo deben permanecer media docena y la gente de vigilancia\u00bb.<\/p>\n\n\n\n<p>\u00abAs\u00ed se enfrent\u00f3 el verano pasado con la promesa de que despu\u00e9s se iba a recuperar y que era algo temporario y ahora vamos y nos encontramos con que hay seis trabajadores en la obra. La empresa ha suspendido y paralizado la obra porque desde el ministerio de Energ\u00eda de la Naci\u00f3n no les pagan la redeterminaciones de los contratos del 2015\u00bb, denunci\u00f3, apuntando que en este caso \u00abse verifica la misma situaci\u00f3n que el Centro de Medicina Nuclear, en este caso es mucho m\u00e1s grave porque son contratos que ha hecho directamente el Estado Nacional con una empresa como resultado de un proceso licitatorio y no le est\u00e1n cumpliendo; la empresa no tiene m\u00e1s remedio que parar la obra\u201d.<\/p>\n\n\n\n<p>Desde el Gobierno provincial \u201cnosotros tratamos de ayudar en lo que podamos, pero la situaci\u00f3n se mantiene; hay seis trabajadores en ese predio en una planta que tiene 230 metros de largo, m\u00e1s la vigilancia por supuesto, porque hay que cuidar el patrimonio nacional que est\u00e1 incorporado all\u00ed, hay m\u00e1quinas y equipos que se est\u00e1n montando\u201d.<\/p>\n\n\n\n<p>\u201cEstamos hablando de una obra que se acord\u00f3 que para el a\u00f1o 2020 ten\u00eda que estar terminada \u2013indic\u00f3 Ar\u00e1oz-. La obra civil presenta un avance cercano al 60%, pero vino fren\u00e1ndose durante todo este a\u00f1o. Esto es real y concreto, se pudo avanzar en el montaje, la tapa de disoluci\u00f3n ya est\u00e1 montada, hay equipos e incorporaci\u00f3n de tecnolog\u00eda nacional muy interesante\u201d, diciendo que \u201clo que preocupa es que del otro lado (del Gobierno Nacional) est\u00e1n todos muy tranquilos, como si no pasara nada cuando paralizan obras de estas caracter\u00edsticas\u201d.<\/p>\n\n\n\n<p>\u201cNadie da respuestas acerca de cu\u00e1ndo finalmente esta planta se va a poner en marcha. Y esa misma pregunta la hacen nuestros legisladores nacionales en Diputados y Senadores, quienes est\u00e1n siguiendo el tema, trabajando y ocup\u00e1ndose. No puedo decir lo mismo de los otros legisladores formose\u00f1os de la oposici\u00f3n en torno a este tema\u201d, critic\u00f3 el funcionario.<\/p>\n\n\n\n<p>Finalmente, el secretario se\u00f1al\u00f3 que \u00absiempre estamos a disposici\u00f3n del equipo t\u00e9cnico y de la gente que est\u00e1 comprometida con el proyecto, vamos y los visitamos, vemos qu\u00e9 necesitan ya que si bien no tenemos una injerencia directa en los contratos, desde Formosa somos la provincia que los ha albergado y hay muchos formose\u00f1os all\u00ed, muy capacitados\u00bb. <\/p>\n","protected":false},"excerpt":{"rendered":"<p>El secretario de Ciencia y Tecnolog\u00eda de la provincia, el ingeniero Julio Ar\u00e1oz, subray\u00f3 que<\/p>\n","protected":false},"author":3,"featured_media":22564,"comment_status":"open","ping_status":"open","sticky":false,"template":"","format":"standard","meta":{"footnotes":""},"categories":[1],"tags":[],"class_list":["post-22563","post","type-post","status-publish","format-standard","has-post-thumbnail","hentry","category-noticias"],"_links":{"self":[{"href":"https:\/\/24formosa.com.ar\/index.php?rest_route=\/wp\/v2\/posts\/22563","targetHints":{"allow":["GET"]}}],"collection":[{"href":"https:\/\/24formosa.com.ar\/index.php?rest_route=\/wp\/v2\/posts"}],"about":[{"href":"https:\/\/24formosa.com.ar\/index.php?rest_route=\/wp\/v2\/types\/post"}],"author":[{"embeddable":true,"href":"https:\/\/24formosa.com.ar\/index.php?rest_route=\/wp\/v2\/users\/3"}],"replies":[{"embeddable":true,"href":"https:\/\/24formosa.com.ar\/index.php?rest_route=%2Fwp%2Fv2%2Fcomments&post=22563"}],"version-history":[{"count":1,"href":"https:\/\/24formosa.com.ar\/index.php?rest_route=\/wp\/v2\/posts\/22563\/revisions"}],"predecessor-version":[{"id":22565,"href":"https:\/\/24formosa.com.ar\/index.php?rest_route=\/wp\/v2\/posts\/22563\/revisions\/22565"}],"wp:featuredmedia":[{"embeddable":true,"href":"https:\/\/24formosa.com.ar\/index.php?rest_route=\/wp\/v2\/media\/22564"}],"wp:attachment":[{"href":"https:\/\/24formosa.com.ar\/index.php?rest_route=%2Fwp%2Fv2%2Fmedia&parent=22563"}],"wp:term":[{"taxonomy":"category","embeddable":true,"href":"https:\/\/24formosa.com.ar\/index.php?rest_route=%2Fwp%2Fv2%2Fcategories&post=22563"},{"taxonomy":"post_tag","embeddable":true,"href":"https:\/\/24formosa.com.ar\/index.php?rest_route=%2Fwp%2Fv2%2Ftags&post=22563"}],"curies":[{"name":"wp","href":"https:\/\/api.w.org\/{rel}","templated":true}]}}