{"id":22533,"date":"2018-12-20T21:22:44","date_gmt":"2018-12-21T00:22:44","guid":{"rendered":"https:\/\/24formosa.com.ar\/?p=22533"},"modified":"2023-01-16T11:41:34","modified_gmt":"2023-01-16T14:41:34","slug":"insfran-aludio-a-la-presencia-de-estado-en-las-obras-esenciales-para-el-oeste","status":"publish","type":"post","link":"https:\/\/24formosa.com.ar\/?p=22533","title":{"rendered":"Insfr\u00e1n aludi\u00f3 a la presencia de estado en las obras esenciales para el oeste"},"content":{"rendered":"\n<p> En ocasi\u00f3n de su visita por comunidades y localidades del departamento Ram\u00f3n Lista, el gobernador Gildo Insfr\u00e1n se encarg\u00f3 de poner de relieve la presencia del estado para que los pobladores lugare\u00f1os actualmente cuenten con los servicios esenciales que les han permitido mejorar su calidad de vida y encarar con posibilidades los m\u00e1s variados emprendimientos productivos.<\/p>\n\n\n\n<p>Ante la referencia del presidente de la comisi\u00f3n vecinal de El Potrillo, quien rese\u00f1o las obras ejecutadas e hizo notar\u00a0 en particular\u00a0 lo que significa para la evoluci\u00f3n de esa comunidad, el contar con el servicio de energ\u00eda el\u00e9ctrica durante las 24 horas as\u00ed como tambi\u00e9n para conectarse con facilidad con cualquier punto de la provincia, el pa\u00eds y el mundo a trav\u00e9s de la Internet.<\/p>\n\n\n\n<p>\u201cRecuerdo cuando me transmit\u00edan sus inquietudes por el tema de la energ\u00eda el\u00e9ctrica que por entonces se atend\u00eda con los motores de Padilla que a veces andaban y otras no y los tranquilizaba haci\u00e9ndoles notar que la soluci\u00f3n estaba en marcha y que la cuesti\u00f3n no pasaba en que viniera solamente un cable\u201d, memoro.<\/p>\n\n\n\n<p>Por eso fue que comento que para que cuenten actualmente con la energ\u00eda de calidad que tienen \u201ctuvimos que pelear por una\u00a0 l\u00ednea de alta tensi\u00f3n en 500 kilovoltios que viene\u00a0 desde Resistencia, Chaco hasta la ciudad de Formosa\u201d.<\/p>\n\n\n\n<p>Adem\u00e1s, menciono que\u00a0 desde all\u00ed\u00a0 donde se encar\u00f3 el tendido de otra l\u00ednea en 132 kilovoltios que llega desde Formosa hasta Ingeniero Ju\u00e1rez y una en 33 KV desde Ju\u00e1rez hasta El Potrillo desde donde se distribuye hacia los parajes y localidades departamentales en 13,2 KV.<\/p>\n\n\n\n<p>\u201cNo ha sido una cosa f\u00e1cil\u2026.f\u00edjense donde empez\u00f3, en Resistencia y despu\u00e9s que pudimos conectarnos pudimos llegar hasta aqu\u00ed\u201d, insisti\u00f3 para advertir que en la actualidad el servicio que se presta las 24 horas ha permitido mejorar el confort familiar y el inicio de emprendimientos comerciales y otras actividades productivas.<\/p>\n\n\n\n<p>El gobernador hizo notar que la mayor\u00eda de los presentes en el acto contaba con celulares con los que ten\u00edan posibilidades de comunicarse con cualquier punto del pa\u00eds y el mundo de modo instant\u00e1neo para el env\u00edo de fotograf\u00edas o mensajes grabados.<\/p>\n\n\n\n<p>\u201cQue hubiera pasado con esos celulares si no contaban por d\u00f3nde transitar?; que no los iban a poder usar\u201d, expuso para clarificar que \u201c en la actualidad tienen esa facilidad no porque invirti\u00f3 el sector privado que nuca va a venir a esta zona porque no es negocio\u201d.<br><\/p>\n\n\n\n<p>Insisti\u00f3 en que la conectividad no hubiese sido posible si no se hubieran hecho el soterramiento de m\u00e1s de 2.000 kil\u00f3metros de fibra \u00f3ptica que est\u00e1 funcionando en el territorio.<\/p>\n\n\n\n<p>\u201cQuer\u00eda compartir con ustedes sobre el esfuerzo y la inversi\u00f3n que tuvo que hacer el estado; porque esto es una inversi\u00f3n porque estos chicos que est\u00e1n aqu\u00ed se encuentran en igualdad de condiciones que los de la ciudad capital y tienen un futuro porque se est\u00e1n educando, tambi\u00e9n, en el aspecto tecnol\u00f3gico que es el gran desaf\u00edo que tenemos para adelante\u201d, expreso.<\/p>\n\n\n\n<p><strong>Sobre los MEMAS<\/strong><\/p>\n\n\n\n<p>Otro de los aspectos abordados en la gira por Ram\u00f3n Lista fue el referido a los \u201cmemas\u201d, es decir a los maestros especiales para la modalidad aborigen.<br>\u201cYa no son 500 como se ha mencionado sino que han disminuido porque muchos ya se han convertido en docentes y est\u00e1n preparados, cada uno de ellos,\u00a0 para atender en los dos idiomas\u00a0 a los alumnos que concurran a los establecimientos y sin que hagan falta los dos que ejercen en la actualidad, es decir quien imparte la clase y el que traduce al dialecto que corresponda\u201d, puntualiz\u00f3.<\/p>\n\n\n\n<p>Hizo notar el gobernador que esa realidad es fruto de la capacitaci\u00f3n en la que tiene mucho que ver el Instituto Pedag\u00f3gico Provincial \u201cJusticia Social\u201d.<\/p>\n\n\n\n<p><strong>Atenci\u00f3n primaria<\/strong><\/p>\n\n\n\n<p>No dejo de referirse a lo que acontece con la atenci\u00f3n primaria de la salud en cuyo contexto se designaba al azar a quien tendr\u00eda la responsabilidad de ejercer como agente sanitario.<\/p>\n\n\n\n<p>Explic\u00f3 que ahora quienes cumplan esa misi\u00f3n deber\u00e1n cursar carreras que tienen una duraci\u00f3n de dos a\u00f1os de modo tal que est\u00e9n m\u00e1s capacitados y mejor formados para poder manejar mejor la atenci\u00f3n primaria de la salud \u201cporque si fortalecemos ese quehacer preventivo\u00a0 tendremos resuelto el 80 por ciento de los problemas de salud.<\/p>\n\n\n\n<p>Sobre las razones por las que su gobierno insiste en los temas sobre la salud y la educaci\u00f3n dijo que \u201cun cuerpo enfermo no puede rendir mientras que un cuerpo sano permite dar todas sus potencialidades y de all\u00ed que insista en que la salud va de la mano de la educaci\u00f3n\u201d. <\/p>\n","protected":false},"excerpt":{"rendered":"<p>En ocasi\u00f3n de su visita por comunidades y localidades del departamento Ram\u00f3n Lista, el gobernador<\/p>\n","protected":false},"author":3,"featured_media":22535,"comment_status":"open","ping_status":"open","sticky":false,"template":"","format":"standard","meta":{"footnotes":""},"categories":[1],"tags":[],"class_list":["post-22533","post","type-post","status-publish","format-standard","has-post-thumbnail","hentry","category-noticias"],"_links":{"self":[{"href":"https:\/\/24formosa.com.ar\/index.php?rest_route=\/wp\/v2\/posts\/22533","targetHints":{"allow":["GET"]}}],"collection":[{"href":"https:\/\/24formosa.com.ar\/index.php?rest_route=\/wp\/v2\/posts"}],"about":[{"href":"https:\/\/24formosa.com.ar\/index.php?rest_route=\/wp\/v2\/types\/post"}],"author":[{"embeddable":true,"href":"https:\/\/24formosa.com.ar\/index.php?rest_route=\/wp\/v2\/users\/3"}],"replies":[{"embeddable":true,"href":"https:\/\/24formosa.com.ar\/index.php?rest_route=%2Fwp%2Fv2%2Fcomments&post=22533"}],"version-history":[{"count":1,"href":"https:\/\/24formosa.com.ar\/index.php?rest_route=\/wp\/v2\/posts\/22533\/revisions"}],"predecessor-version":[{"id":22536,"href":"https:\/\/24formosa.com.ar\/index.php?rest_route=\/wp\/v2\/posts\/22533\/revisions\/22536"}],"wp:featuredmedia":[{"embeddable":true,"href":"https:\/\/24formosa.com.ar\/index.php?rest_route=\/wp\/v2\/media\/22535"}],"wp:attachment":[{"href":"https:\/\/24formosa.com.ar\/index.php?rest_route=%2Fwp%2Fv2%2Fmedia&parent=22533"}],"wp:term":[{"taxonomy":"category","embeddable":true,"href":"https:\/\/24formosa.com.ar\/index.php?rest_route=%2Fwp%2Fv2%2Fcategories&post=22533"},{"taxonomy":"post_tag","embeddable":true,"href":"https:\/\/24formosa.com.ar\/index.php?rest_route=%2Fwp%2Fv2%2Ftags&post=22533"}],"curies":[{"name":"wp","href":"https:\/\/api.w.org\/{rel}","templated":true}]}}