{"id":22523,"date":"2018-12-20T12:22:19","date_gmt":"2018-12-20T15:22:19","guid":{"rendered":"https:\/\/24formosa.com.ar\/?p=22523"},"modified":"2023-01-16T11:41:34","modified_gmt":"2023-01-16T14:41:34","slug":"lanzaron-el-programa-ganar-ganar-de-la-onu-que-promueve-la-igualdad-de-genero-en-los-negocios","status":"publish","type":"post","link":"https:\/\/24formosa.com.ar\/?p=22523","title":{"rendered":"Lanzaron el Programa Ganar &#8211; Ganar de la ONU que promueve la igualdad de g\u00e9nero en los negocios"},"content":{"rendered":"\n<p>Con el auspicio del Banco Formosa se realiz\u00f3 la charla <strong>\u201cUn llamado a la acci\u00f3n para los principios de empoderamiento de las mujeres\u201d,<\/strong> a cargo de Ver\u00f3nica Baracat, Especialista Nacional del Sector Privado de ONU Mujeres, en el marco del programa Ganar-Ganar: La igualdad de g\u00e9nero es un buen negocio.<\/p>\n\n\n\n<div class=\"wp-block-image\"><figure class=\"aligncenter\"><img loading=\"lazy\" decoding=\"async\" width=\"1024\" height=\"682\" src=\"https:\/\/24formosa.com.ar\/wp-content\/uploads\/2018\/12\/Igualdad-de-Genero-1024x682.jpg\" alt=\"\" class=\"wp-image-22524\" srcset=\"https:\/\/24formosa.com.ar\/wp-content\/uploads\/2018\/12\/Igualdad-de-Genero-1024x682.jpg 1024w, https:\/\/24formosa.com.ar\/wp-content\/uploads\/2018\/12\/Igualdad-de-Genero-300x200.jpg 300w, https:\/\/24formosa.com.ar\/wp-content\/uploads\/2018\/12\/Igualdad-de-Genero-768x512.jpg 768w, https:\/\/24formosa.com.ar\/wp-content\/uploads\/2018\/12\/Igualdad-de-Genero.jpg 1280w\" sizes=\"auto, (max-width: 1024px) 100vw, 1024px\" \/><\/figure><\/div>\n\n\n\n<p>En la ocasi\u00f3n tambi\u00e9n se oficializ\u00f3 la firma del Pacto de Medios, de la misma organizaci\u00f3n internacional. El encuentro se realiz\u00f3 este jueves 20 de diciembre a las 9:30, en el auditorio Enrique Hermenegildo Read, De\u00e1n<br>Funes 950 de la ciudad de Formosa.<\/p>\n\n\n\n<p>Cabe destacar que el programa cuenta adem\u00e1s con el financiamiento de la Organizaci\u00f3n Mundial del Trabajo, OIT, y de la Uni\u00f3n Europea.<br>&nbsp;<\/p>\n","protected":false},"excerpt":{"rendered":"<p>Con el auspicio del Banco Formosa se realiz\u00f3 la charla \u201cUn llamado a la acci\u00f3n<\/p>\n","protected":false},"author":3,"featured_media":22525,"comment_status":"open","ping_status":"open","sticky":false,"template":"","format":"standard","meta":{"footnotes":""},"categories":[1],"tags":[],"class_list":["post-22523","post","type-post","status-publish","format-standard","has-post-thumbnail","hentry","category-noticias"],"_links":{"self":[{"href":"https:\/\/24formosa.com.ar\/index.php?rest_route=\/wp\/v2\/posts\/22523","targetHints":{"allow":["GET"]}}],"collection":[{"href":"https:\/\/24formosa.com.ar\/index.php?rest_route=\/wp\/v2\/posts"}],"about":[{"href":"https:\/\/24formosa.com.ar\/index.php?rest_route=\/wp\/v2\/types\/post"}],"author":[{"embeddable":true,"href":"https:\/\/24formosa.com.ar\/index.php?rest_route=\/wp\/v2\/users\/3"}],"replies":[{"embeddable":true,"href":"https:\/\/24formosa.com.ar\/index.php?rest_route=%2Fwp%2Fv2%2Fcomments&post=22523"}],"version-history":[{"count":1,"href":"https:\/\/24formosa.com.ar\/index.php?rest_route=\/wp\/v2\/posts\/22523\/revisions"}],"predecessor-version":[{"id":22526,"href":"https:\/\/24formosa.com.ar\/index.php?rest_route=\/wp\/v2\/posts\/22523\/revisions\/22526"}],"wp:featuredmedia":[{"embeddable":true,"href":"https:\/\/24formosa.com.ar\/index.php?rest_route=\/wp\/v2\/media\/22525"}],"wp:attachment":[{"href":"https:\/\/24formosa.com.ar\/index.php?rest_route=%2Fwp%2Fv2%2Fmedia&parent=22523"}],"wp:term":[{"taxonomy":"category","embeddable":true,"href":"https:\/\/24formosa.com.ar\/index.php?rest_route=%2Fwp%2Fv2%2Fcategories&post=22523"},{"taxonomy":"post_tag","embeddable":true,"href":"https:\/\/24formosa.com.ar\/index.php?rest_route=%2Fwp%2Fv2%2Ftags&post=22523"}],"curies":[{"name":"wp","href":"https:\/\/api.w.org\/{rel}","templated":true}]}}