{"id":22520,"date":"2018-12-19T22:45:28","date_gmt":"2018-12-20T01:45:28","guid":{"rendered":"https:\/\/24formosa.com.ar\/?p=22520"},"modified":"2023-01-16T11:41:35","modified_gmt":"2023-01-16T14:41:35","slug":"insfran-monitoreo-obras-en-todo-el-sistema-hidraulico-del-rio-pilcomayo","status":"publish","type":"post","link":"https:\/\/24formosa.com.ar\/?p=22520","title":{"rendered":"Insfr\u00e1n monitore\u00f3 obras en todo el sistema hidr\u00e1ulico del r\u00edo Pilcomayo"},"content":{"rendered":"\n<p>La agenda de la estada del gobernador Gildo Insfran en el oeste provincial, tambi\u00e9n incluyo el monitoreo de las obras que se ejecuta en toda la franja cr\u00edtica del rio Pilcomayo. Los equipos t\u00e9cnicos le expusieron sobre los diferentes frentes de trabajo en ejecuci\u00f3n y lo proyectado.<\/p>\n\n\n\n<p>El primer mandatario estuvo junto a los ministros de Planificaci\u00f3n, Daniel Malich y de Gobierno, Jorge Abel Gonz\u00e1lez, el administrador de la DPV, Fernando De Vido, el secretario de la Unidad General de Contralor, Juan Andr\u00e9s L\u00f3pez, el ingeniero Christian Peter, el supervisor de Obras de Vialidad Provincial en toda esa franja del territorio hace ya muchos a\u00f1os, como tambi\u00e9n Aldo Ingolotti asesor del PEP en esa regi\u00f3n y el diputado Roberto Vizca\u00edno.<\/p>\n\n\n\n<p>Este \u00faltimo confirmo que participo junto a equipos t\u00e9cnicos de diferentes estamentos del gobierno provincial del minucioso informe acerca de las obras hidr\u00e1ulicas en la zona cr\u00edtica del rio Pilcomayo. Asimismo, dijo que el primer mandatario \u201crenov\u00f3 con firmeza la decisi\u00f3n tomada a fines de julio pasado donde instruyo comenzar con los trabajos necesarios tendientes a proteger a los pobladores y sus bienes. Del mismo modo lo hizo ahora, incluso avanzar en los trabajos en las correderas que conduzcan las aguas a nuestro territorio sin afectar a las comunidades, y sobre todo se preocupo en que estemos permanentemente junto a la gente atendiendo sus demandas\u201d.<\/p>\n\n\n\n<p>Hizo referencia al trabajo articulado que el gobierno provincial\u00a0 viene llevando a cabo de manera sostenida en el oeste formose\u00f1o, resaltando que \u201ces importante destacar como se sigue accionando en los tres departamentos: Ram\u00f3n Lista, Bermejo y Matacos\u201d, puntualizando las fuertes intervenciones que se mantiene en todas las franjas m\u00e1s afectadas por las inundaciones que tuvo caracter\u00edsticas extraordinarias durante el ciclo anterior y que afecto a mas de una decena de comunidades y pobladores que debieron relocalizarse.<\/p>\n\n\n\n<p>Explic\u00f3 que se dispuso trabajar en cuatro diferentes frentes en defensas y correderas, \u201csobre todo en el \u00e1rea donde m\u00e1s da\u00f1os se generaron, aunque las lluvias registradas trajeron retrasos porque son lugares donde las m\u00e1quinas pesadas no pudieron ingresar primeramente, y en d\u00edas posteriores lo hicieron cuando el terreno lo permiti\u00f3\u201d.<\/p>\n\n\n\n<p>Se\u00f1al\u00f3 que \u201cmuchas de las tareas se vienen haciendo con maquinas anfibias y en otros casos los equipos convencionales, porque tambi\u00e9n tenemos que extraer suelos para las defensas\u201d, expuso.<\/p>\n\n\n\n<p>Asimismo, Vizca\u00edno inform\u00f3 que \u201chace algunas semanas se rompieron los dos tapones paraguayos que se hab\u00edan ejecutado en el Proyecto Pantal\u00f3n, los que hac\u00edan que toda el agua ingresara a nuestro territorio\u201d, exponiendo que \u201clo fundamental de todo esto son\u00a0 todas las obras en gran estado de avance, que somos optimistas habr\u00e1n concluidos antes del nuevo periodo de aguas altas\u201d.<\/p>\n\n\n\n<p>Insfr\u00e1n hizo entrega de una embarcaci\u00f3n moderna para facilitar la tarea de los t\u00e9cnicos y operarios de Vialidad Provincial que tienen establecida una base en el punto terminal del r\u00edo, record\u00e1ndose a Benedicta Almir\u00f3n, cuyo coraje y compromiso se exalto dado que perdi\u00f3 la vida cuando operaba una anfi-draga para garantizar el ingreso de agua a territorio formose\u00f1o.<\/p>\n\n\n\n<p>El mandatario evoc\u00f3, asimismo, cuando en la d\u00e9cada del 80 realizara sus primeras visitas a esos territorios pr\u00f3ximos a la frontera con Salta y Paraguay, sobre todo porque hab\u00eda demanda comunitaria por las aguas del rio Pilcomayo en el\u00a0 contexto de una realidad preocupante que en ese entonces encontr\u00f3 respuestas en el proyecto Pantal\u00f3n.<\/p>\n\n\n\n<p>\u201cPor entonces no ingresaba agua y despu\u00e9s ya llego en exceso\u201d, dijo para fundamentar de ese modo la diligencia constante que lleva a cabo la provincia con sus propios recursos para mantener limpias las correderas fluviales y solidas las defensas\u00a0 que permiten el encauzamiento del rio y la protecci\u00f3n de las comunidades.<br>\u201cMantenerlo encauzado al Pilcomayo nos lleva a invertir millones de pesos que provienen del tesoro provincial ya que desde que esta el actual gobierno nacional no hemos recibido ayuda alguna\u201d, expreso.<\/p>\n\n\n\n<p>En cuanto a la situaci\u00f3n producida tras la excepcional crecida del ciclo anterior, se describi\u00f3 que \u201chubo m\u00e1s de 100 millones de toneladas de sedimentos que se depositaron en\u00a0 la zona, en toda la ribera del Pilcomayo. Hace m\u00e1s de cuatro a\u00f1os que el 90% de esos sedimentos del rio se sit\u00faan en la franja costera de nuestro territorio\u201d.<\/p>\n\n\n\n<p>Se reclam\u00f3 que \u201cNaci\u00f3n debe hacerse cargo no solo de las obras que tienen que hacerse en Formosa, sino que tambi\u00e9n hay que hacer en Salta y hay que acordar con el Paraguay por el tema del sedimento que arrastra el r\u00edo\u201d.<\/p>\n","protected":false},"excerpt":{"rendered":"<p>La agenda de la estada del gobernador Gildo Insfran en el oeste provincial, tambi\u00e9n incluyo<\/p>\n","protected":false},"author":3,"featured_media":22521,"comment_status":"open","ping_status":"open","sticky":false,"template":"","format":"standard","meta":{"footnotes":""},"categories":[1],"tags":[],"class_list":["post-22520","post","type-post","status-publish","format-standard","has-post-thumbnail","hentry","category-noticias"],"_links":{"self":[{"href":"https:\/\/24formosa.com.ar\/index.php?rest_route=\/wp\/v2\/posts\/22520","targetHints":{"allow":["GET"]}}],"collection":[{"href":"https:\/\/24formosa.com.ar\/index.php?rest_route=\/wp\/v2\/posts"}],"about":[{"href":"https:\/\/24formosa.com.ar\/index.php?rest_route=\/wp\/v2\/types\/post"}],"author":[{"embeddable":true,"href":"https:\/\/24formosa.com.ar\/index.php?rest_route=\/wp\/v2\/users\/3"}],"replies":[{"embeddable":true,"href":"https:\/\/24formosa.com.ar\/index.php?rest_route=%2Fwp%2Fv2%2Fcomments&post=22520"}],"version-history":[{"count":1,"href":"https:\/\/24formosa.com.ar\/index.php?rest_route=\/wp\/v2\/posts\/22520\/revisions"}],"predecessor-version":[{"id":22522,"href":"https:\/\/24formosa.com.ar\/index.php?rest_route=\/wp\/v2\/posts\/22520\/revisions\/22522"}],"wp:featuredmedia":[{"embeddable":true,"href":"https:\/\/24formosa.com.ar\/index.php?rest_route=\/wp\/v2\/media\/22521"}],"wp:attachment":[{"href":"https:\/\/24formosa.com.ar\/index.php?rest_route=%2Fwp%2Fv2%2Fmedia&parent=22520"}],"wp:term":[{"taxonomy":"category","embeddable":true,"href":"https:\/\/24formosa.com.ar\/index.php?rest_route=%2Fwp%2Fv2%2Fcategories&post=22520"},{"taxonomy":"post_tag","embeddable":true,"href":"https:\/\/24formosa.com.ar\/index.php?rest_route=%2Fwp%2Fv2%2Ftags&post=22520"}],"curies":[{"name":"wp","href":"https:\/\/api.w.org\/{rel}","templated":true}]}}