{"id":22506,"date":"2018-12-18T22:21:54","date_gmt":"2018-12-19T01:21:54","guid":{"rendered":"https:\/\/24formosa.com.ar\/?p=22506"},"modified":"2023-01-16T11:41:35","modified_gmt":"2023-01-16T14:41:35","slug":"hay-un-pueblo-que-nos-sigue-acompanando-en-nuestra-predica-y-lucha","status":"publish","type":"post","link":"https:\/\/24formosa.com.ar\/?p=22506","title":{"rendered":"\u201cHay un pueblo que nos sigue acompa\u00f1ando en nuestra predica y lucha\u201d"},"content":{"rendered":"\n<p>En la culminaci\u00f3n de la primera de las tres jornadas de encuentro con las comunidades del oeste de la provincia, el gobernador Gildo Insfran manifest\u00f3 en El Potrillo que tanto el cuanto sus colaboradores nutren sus corazones de gratos recuerdos y junto con la ansiedad del reencuentro tienen el convencimiento que \u201cno estamos solos en nuestra predica y nuestra lucha\u201d.<\/p>\n\n\n\n<p>\u201cEs que tenemos un pueblo que nos sigue acompa\u00f1ando y nosotros somos leales con quienes as\u00ed se comportan; de los desleales ustedes se encargaran de apartarlos de nuestro camino\u201d, resalt\u00f3.<\/p>\n\n\n\n<p>Tras comentar sobre su paso por Mar\u00eda Cristina, Lote Ocho, El Chorro y San Martin, el mandatario reconoci\u00f3 ante los pobladores de El Potrillo que \u201cpor la gracias de Dios es una gira magnifica, a pesar del calor que no es\u00a0 un problema para nosotros ya que es el combustible para que nuestros corazones se inflamen de alegr\u00eda y repletos de lindos recuerdos\u201d.<\/p>\n\n\n\n<p>Expuso que en otras partes del pa\u00eds no entienden el ser formose\u00f1o, propio de un territorio como el nuestro donde se hablan seis idiomas (las cuatro lenguas de etnias ind\u00edgenas, el guaran\u00ed y el castellano).<\/p>\n\n\n\n<p>\u201cDe esta diversidad que tenemos nos dar\u00e1 la cultura formose\u00f1a, todos integrados en esta mixtura, es algo que se dar\u00e1 inexorablemente en el tiempo y ser\u00e1 nuestra fortaleza\u201d, avizoro.<\/p>\n\n\n\n<p><\/p>\n\n\n\n<p><strong>Se viv\u00eda mejor<\/strong><\/p>\n\n\n\n<p>En su mensaje, Insfran se refiri\u00f3 a los pedidos que s ele formularon acompa\u00f1ados del sentimiento de fe y esperanza en que sean atendidos, expresando que aquello que este dentro de las posibilidades de los recursos provinciales tendr\u00e1n respuesta inmediata y lo dem\u00e1s quedara para cuando estemos en condiciones de hacerlo.<\/p>\n\n\n\n<p>\u201cTuvimos diez a\u00f1os durante los cuales las cosas nos resultaban mucho m\u00e1s f\u00e1ciles porque cont\u00e1bamos con un gobierno nacional que pensaba igual que nosotros y que ven\u00eda para hacer una Argentina libre, justa y soberana y que para que ello ocurriera primeramente deb\u00edan corregirse las inequidades\u201d, expuso.<\/p>\n\n\n\n<p>Entiende el gobernador que no se puede hablar de igualdad cuando existen inequidades y desigualdades\u00a0 para clarificar que primero hay que lograr la igualdad y una vez que se llegue a la l\u00ednea de vida del sentir peronista cuando el ser humano cuente con casa, agua potable, salud, educaci\u00f3n, conectividad y trabajo digno, cuando est\u00e9n garantizados todos esos derechos se puede hablar de un desarrollo igualitario.<\/p>\n\n\n\n<p>Y en ese sentido sintetizo lo que dijeron los propios pobladores en sus exposiciones en cuanto a que con el gobierno anterior se viv\u00eda mucho mejor tal como tambi\u00e9n lo reconocen millones de argentinos.<\/p>\n\n\n\n<p><strong>Una nueva reparaci\u00f3n<\/strong><\/p>\n\n\n\n<p>\u201cVinieron los que est\u00e1n ahora y volvimos para atr\u00e1s, se nos sacan derechos y esas son las cosas que estamos tratado en la provincia de defender con lo poco que tenemos y, fundamentalmente, con la comprensi\u00f3n de nuestro pueblo\u201d, se sincer\u00f3.<\/p>\n\n\n\n<p>Complemento su pensamiento al se\u00f1alar que al mismo tiempo que se ejerce esa defensa, se est\u00e1 trabajando para que en 2019 el pueblo argentino vuelva a tener un gobierno de tinte nacional y popular.<\/p>\n\n\n\n<p>\u201cPor eso desde aqu\u00ed, desde el oeste formose\u00f1o, le decimos al pueblo argentino que vamos a volver y les aseguro que Formosa va a volver a tener otra acta de reparaci\u00f3n hist\u00f3rica para que se sigan haciendo realidad los sue\u00f1os pendientes\u201d, expres\u00f3.<\/p>\n","protected":false},"excerpt":{"rendered":"<p>En la culminaci\u00f3n de la primera de las tres jornadas de encuentro con las comunidades<\/p>\n","protected":false},"author":3,"featured_media":22507,"comment_status":"open","ping_status":"open","sticky":false,"template":"","format":"standard","meta":{"footnotes":""},"categories":[1],"tags":[],"class_list":["post-22506","post","type-post","status-publish","format-standard","has-post-thumbnail","hentry","category-noticias"],"_links":{"self":[{"href":"https:\/\/24formosa.com.ar\/index.php?rest_route=\/wp\/v2\/posts\/22506","targetHints":{"allow":["GET"]}}],"collection":[{"href":"https:\/\/24formosa.com.ar\/index.php?rest_route=\/wp\/v2\/posts"}],"about":[{"href":"https:\/\/24formosa.com.ar\/index.php?rest_route=\/wp\/v2\/types\/post"}],"author":[{"embeddable":true,"href":"https:\/\/24formosa.com.ar\/index.php?rest_route=\/wp\/v2\/users\/3"}],"replies":[{"embeddable":true,"href":"https:\/\/24formosa.com.ar\/index.php?rest_route=%2Fwp%2Fv2%2Fcomments&post=22506"}],"version-history":[{"count":1,"href":"https:\/\/24formosa.com.ar\/index.php?rest_route=\/wp\/v2\/posts\/22506\/revisions"}],"predecessor-version":[{"id":22508,"href":"https:\/\/24formosa.com.ar\/index.php?rest_route=\/wp\/v2\/posts\/22506\/revisions\/22508"}],"wp:featuredmedia":[{"embeddable":true,"href":"https:\/\/24formosa.com.ar\/index.php?rest_route=\/wp\/v2\/media\/22507"}],"wp:attachment":[{"href":"https:\/\/24formosa.com.ar\/index.php?rest_route=%2Fwp%2Fv2%2Fmedia&parent=22506"}],"wp:term":[{"taxonomy":"category","embeddable":true,"href":"https:\/\/24formosa.com.ar\/index.php?rest_route=%2Fwp%2Fv2%2Fcategories&post=22506"},{"taxonomy":"post_tag","embeddable":true,"href":"https:\/\/24formosa.com.ar\/index.php?rest_route=%2Fwp%2Fv2%2Ftags&post=22506"}],"curies":[{"name":"wp","href":"https:\/\/api.w.org\/{rel}","templated":true}]}}