{"id":22492,"date":"2018-12-17T22:58:39","date_gmt":"2018-12-18T01:58:39","guid":{"rendered":"https:\/\/24formosa.com.ar\/?p=22492"},"modified":"2023-01-16T11:41:35","modified_gmt":"2023-01-16T14:41:35","slug":"insfran-preside-desde-este-martes-tres-maratonicas-jornadas-en-el-extremo-oeste","status":"publish","type":"post","link":"https:\/\/24formosa.com.ar\/?p=22492","title":{"rendered":"Insfr\u00e1n preside desde este martes tres marat\u00f3nicas jornadas en el extremo oeste"},"content":{"rendered":"\n<p>El gobernador Gildo Insfran encabezar\u00e1 desde este martes 18 y por espacio de tres d\u00edas (mi\u00e9rcoles 19 y jueves 20), una marat\u00f3nica gira por el extremo oeste formose\u00f1o. Estar\u00e1 presidiendo desde horas tempranas sucesivos operativos \u201cPor nuestra gente, todo\u201d que se llevaran a cabo de manera simult\u00e1nea.<br><br>Arrancara en la escuela primaria intercultural-biling\u00fce 261 de Mar\u00eda Cristina y continuara por Lote 8, El Chorro, El Potrillo, entre varios otros parajes intermedios situados en esa zona.<\/p>\n\n\n\n<p>Continuara el mi\u00e9rcoles desde la escuela de Frontera 5 de El Quebracho,&nbsp; llegando a poblaciones como La Rinconada, Vaca Perdida, Pozo de Maza e incluso al Centro de Ubicaci\u00f3n Transitoria \u201cSolidaridad donde a\u00fan permanecen familias desplazadas por la \u00faltima y extraordinaria crecida del rio Pilcomayo, la cual afecto sobre todo a esta zona del departamento Bermejo. La jornada cerrara por la tarde en la franja sur del departamento Matacos, puntualmente en Misi\u00f3n Pozo Yacare, poblaci\u00f3n situada cerca del rio Bermejo y que fuera refundada luego de que la anterior relocalizaci\u00f3n se viera amenazada por el curso de agua.<br><br>El tercer y \u00faltimo d\u00eda por la zona comenzara en la escuela primaria 24 \u201cRicardo Guti\u00e9rrez\u201d de Ingeniero Ju\u00e1rez, prosiguiendo luego por localidades situadas a la vera de la ruta 81 como Los Chiriguanos, Laguna Yema y Pozo del Mortero, aunque los beneficios alcanzaran a otros parajes de esa regi\u00f3n como El Quemado Nuevo y Sumayen.<br><br>En total son cerca de una veintena de localidades y comunidades de los departamentos Ram\u00f3n Lista, Matacos y Bermejo a las cuales estar\u00e1 llegando la comitiva oficial en estos tres d\u00edas.<br>El diputado provincial, Roberto Vizcaino, expuso el creciente entusiasmo que \u201cen este escenario de severa crisis nacional y un presidente como Mauricio Macri, que se aleja de la gente, aqu\u00ed en Formosa el gobernador (Gildo) Insfran va al encuentro del pueblo, lo visita y dialoga con cada formose\u00f1o. Es un ejemplo de quien no solo se preocupa, sino se ocupa en resolver, sobre todo, los problemas sociales que mas castiga a las franjas humildes\u201d.<br><br>Se anticipo que \u201cel primer mandatario adem\u00e1s de encabezar los habituales ceremonias de cada OPNGT, visitara obras en marcha, har\u00e1 aportes fundamentales en materia de salud, producci\u00f3n y educaci\u00f3n, renovara su decisi\u00f3n de defender con fuerza a una amplia franja de territorio amenazada anualmente por los desbordes del rio Pilcomayo.<br>Por supuesto anunciara nuevas realizaciones que surgen de una regi\u00f3n en franca expansi\u00f3n\u201d.<br><br><br>Dijo el legislador que \u201cse trata de una porci\u00f3n de nuestro territorio donde adem\u00e1s de los criollos, habitan una importante porci\u00f3n de abor\u00edgenes wichi y tobas, incluidos efectivamente en todo el desarrollo socio-econ\u00f3mico\u201d.<\/p>\n\n\n\n<p>Expuso como \u201crelevante\u201d la interconexi\u00f3n energ\u00e9tica al sistema nacional y provincial que les permite disponer de energ\u00eda el\u00e9ctrica las 24 horas y la ampliaci\u00f3n a casi la totalidad de las comunidades del servicio de agua potable a trav\u00e9s de obtener el vital liquido v\u00eda innovadoras perforaciones a grandes profundidades.<br><br>Desde aquella regi\u00f3n, el presidente de la comisi\u00f3n de fomento de El Chorro, Orlando Blasco resalt\u00f3 \u201cel gran desarrollo de todo el oeste, en cuanto a la disponibilidad de servicios de salud, agua potable, educativo, conectividad y en lo productivo, sobre todo en la ganader\u00eda\u201d. Significo que \u201csomos los pobladores de esta zona del territorio los que acompa\u00f1amos con firmeza a este gobierno del doctor Insfran en su enorme trabajo de continuar este proceso transformador a trav\u00e9s de realizaciones que dejaron atr\u00e1s el aislamiento del oeste formose\u00f1o\u201d.<\/p>\n\n\n\n<p>Destac\u00f3 que \u201cla gesti\u00f3n (Gildo) Insfran fue la que hizo cumplir viejos sue\u00f1os, bas\u00e1ndose en la premisa de que todos tienen derecho a la igualdad\u201d.<\/p>\n","protected":false},"excerpt":{"rendered":"<p>El gobernador Gildo Insfran encabezar\u00e1 desde este martes 18 y por espacio de tres d\u00edas<\/p>\n","protected":false},"author":3,"featured_media":22493,"comment_status":"open","ping_status":"open","sticky":false,"template":"","format":"standard","meta":{"footnotes":""},"categories":[1],"tags":[],"class_list":["post-22492","post","type-post","status-publish","format-standard","has-post-thumbnail","hentry","category-noticias"],"_links":{"self":[{"href":"https:\/\/24formosa.com.ar\/index.php?rest_route=\/wp\/v2\/posts\/22492","targetHints":{"allow":["GET"]}}],"collection":[{"href":"https:\/\/24formosa.com.ar\/index.php?rest_route=\/wp\/v2\/posts"}],"about":[{"href":"https:\/\/24formosa.com.ar\/index.php?rest_route=\/wp\/v2\/types\/post"}],"author":[{"embeddable":true,"href":"https:\/\/24formosa.com.ar\/index.php?rest_route=\/wp\/v2\/users\/3"}],"replies":[{"embeddable":true,"href":"https:\/\/24formosa.com.ar\/index.php?rest_route=%2Fwp%2Fv2%2Fcomments&post=22492"}],"version-history":[{"count":1,"href":"https:\/\/24formosa.com.ar\/index.php?rest_route=\/wp\/v2\/posts\/22492\/revisions"}],"predecessor-version":[{"id":22494,"href":"https:\/\/24formosa.com.ar\/index.php?rest_route=\/wp\/v2\/posts\/22492\/revisions\/22494"}],"wp:featuredmedia":[{"embeddable":true,"href":"https:\/\/24formosa.com.ar\/index.php?rest_route=\/wp\/v2\/media\/22493"}],"wp:attachment":[{"href":"https:\/\/24formosa.com.ar\/index.php?rest_route=%2Fwp%2Fv2%2Fmedia&parent=22492"}],"wp:term":[{"taxonomy":"category","embeddable":true,"href":"https:\/\/24formosa.com.ar\/index.php?rest_route=%2Fwp%2Fv2%2Fcategories&post=22492"},{"taxonomy":"post_tag","embeddable":true,"href":"https:\/\/24formosa.com.ar\/index.php?rest_route=%2Fwp%2Fv2%2Ftags&post=22492"}],"curies":[{"name":"wp","href":"https:\/\/api.w.org\/{rel}","templated":true}]}}