{"id":22484,"date":"2018-12-17T22:41:20","date_gmt":"2018-12-18T01:41:20","guid":{"rendered":"https:\/\/24formosa.com.ar\/?p=22484"},"modified":"2023-01-16T11:41:36","modified_gmt":"2023-01-16T14:41:36","slug":"mas-de-200-mil-bolsas-navidenas-distribuira-el-gobierno-provincial-en-todo-el-territorio","status":"publish","type":"post","link":"https:\/\/24formosa.com.ar\/?p=22484","title":{"rendered":"M\u00e1s de 200 mil bolsas navide\u00f1as distribuir\u00e1 el Gobierno provincial en todo el territorio"},"content":{"rendered":"\n<p>Avanza el amplio operativo de armado y distribuci\u00f3n de las m\u00e1s de 200 mil bolsas navide\u00f1as con sidras y pan dulce que como todos los a\u00f1os el Gobierno provincial distribuir\u00e1 en el territorio, llegando a cada una de las familias formose\u00f1as en estas fiestas de fin de a\u00f1o.<\/p>\n\n\n\n<p>Facundo L\u00f3pez Le\u00f3n, coordinador del operativo de armado y distribuci\u00f3n de las bolsas navide\u00f1as, indic\u00f3 que \u00abhace unos meses que venimos trabajando con la recepci\u00f3n de los productos y ahora estamos trabajando en el armado de las bolsas y la distribuci\u00f3n en todo el territorio formose\u00f1o de las mismas\u00bb.<\/p>\n\n\n\n<p>\u00abSon m\u00e1s de 200 mil las bolsas que se van a estar entregando hasta el \u00faltimo paraje de la provincia, como nos tiene acostumbrados nuestro gobernador Gildo Insfr\u00e1n con este operativo que es muy importante y gratificante, sobre todo con la crisis que estamos viviendo a nivel nacional\u00bb, remarc\u00f3.<\/p>\n\n\n\n<p>Los productos \u00abya se est\u00e1n enviando al interior\u00bb, de manera que las familias formose\u00f1as puedan contar con la bolsa navide\u00f1a antes de Nochebuena.<\/p>\n\n\n\n<p>Asimismo, L\u00f3pez Le\u00f3n aprovech\u00f3 la ocasi\u00f3n para confirmar tambi\u00e9n la entrega desde el Gobierno provincial de los juguetes para el \u00abD\u00eda de Reyes\u00bb.<\/p>\n\n\n\n<p>\u00abUna vez que concluya este trabajo, nos abocaremos a la recepci\u00f3n de los juguetes, el armado de las bolsas y la distribuci\u00f3n de los mismos, con miras al D\u00eda de Reyes\u00bb, destac\u00f3.<\/p>\n\n\n\n<p>En efecto, cabe se\u00f1alar que este gesto del Gobierno provincial ya arraigado no es algo aislado, sino parte de un programa integral que se propende desde el Estado provincial, el cual tiene entre sus facetas la atenci\u00f3n preferencial a la ni\u00f1ez cuando se les entrega los juguetes por el D\u00eda de Reyes o en el D\u00eda del Ni\u00f1o, o los kits de \u00fatiles escolares en el inicio de clases y contin\u00faa con las actividades culturales y deportivas durante todo el a\u00f1o.<\/p>\n\n\n\n<p>Subray\u00f3 L\u00f3pez Le\u00f3n que \u00abes un trabajo muy lindo el que hace, la gran mayor\u00eda son voluntarios y cada a\u00f1o se van sumando m\u00e1s personas que quieren colaborar para terminar esta tarea a tiempo\u00bb.<\/p>\n\n\n\n<p>Por su parte, al referirse al operativo de reparto de las bolsas navide\u00f1as, la referente social Celeste Ben\u00edtez precis\u00f3 que \u00abla distribuci\u00f3n se va a dar por circuitos y la organizaci\u00f3n desde las Casas de la Solidaridad a trav\u00e9s de todos los referentes sociales y las autoridades, quienes van a estar colaborando para que toda la entrega salga muy bien\u00bb.<\/p>\n\n\n\n<p>\u00abComo nos tiene acostumbrados nuestro gobernador Insfr\u00e1n, aquellas familias que a lo mejor no van a poder llegar a comprar el pan dulce y la sidra por esta crisis econ\u00f3mica nacional, van a poder contar con esa bolsa navide\u00f1a y podr\u00e1n tener en su mesa estos productos en estas fiestas de fin de a\u00f1o, comparti\u00e9ndolos en familia\u00bb, subray\u00f3 finalmente.<\/p>\n","protected":false},"excerpt":{"rendered":"<p>Avanza el amplio operativo de armado y distribuci\u00f3n de las m\u00e1s de 200 mil bolsas<\/p>\n","protected":false},"author":3,"featured_media":22485,"comment_status":"open","ping_status":"open","sticky":false,"template":"","format":"standard","meta":{"footnotes":""},"categories":[1],"tags":[],"class_list":["post-22484","post","type-post","status-publish","format-standard","has-post-thumbnail","hentry","category-noticias"],"_links":{"self":[{"href":"https:\/\/24formosa.com.ar\/index.php?rest_route=\/wp\/v2\/posts\/22484","targetHints":{"allow":["GET"]}}],"collection":[{"href":"https:\/\/24formosa.com.ar\/index.php?rest_route=\/wp\/v2\/posts"}],"about":[{"href":"https:\/\/24formosa.com.ar\/index.php?rest_route=\/wp\/v2\/types\/post"}],"author":[{"embeddable":true,"href":"https:\/\/24formosa.com.ar\/index.php?rest_route=\/wp\/v2\/users\/3"}],"replies":[{"embeddable":true,"href":"https:\/\/24formosa.com.ar\/index.php?rest_route=%2Fwp%2Fv2%2Fcomments&post=22484"}],"version-history":[{"count":1,"href":"https:\/\/24formosa.com.ar\/index.php?rest_route=\/wp\/v2\/posts\/22484\/revisions"}],"predecessor-version":[{"id":22486,"href":"https:\/\/24formosa.com.ar\/index.php?rest_route=\/wp\/v2\/posts\/22484\/revisions\/22486"}],"wp:featuredmedia":[{"embeddable":true,"href":"https:\/\/24formosa.com.ar\/index.php?rest_route=\/wp\/v2\/media\/22485"}],"wp:attachment":[{"href":"https:\/\/24formosa.com.ar\/index.php?rest_route=%2Fwp%2Fv2%2Fmedia&parent=22484"}],"wp:term":[{"taxonomy":"category","embeddable":true,"href":"https:\/\/24formosa.com.ar\/index.php?rest_route=%2Fwp%2Fv2%2Fcategories&post=22484"},{"taxonomy":"post_tag","embeddable":true,"href":"https:\/\/24formosa.com.ar\/index.php?rest_route=%2Fwp%2Fv2%2Ftags&post=22484"}],"curies":[{"name":"wp","href":"https:\/\/api.w.org\/{rel}","templated":true}]}}