{"id":1644,"date":"2014-12-28T02:58:04","date_gmt":"2014-12-28T05:58:04","guid":{"rendered":"https:\/\/24formosa.com.ar\/?p=1644"},"modified":"2023-01-16T11:31:35","modified_gmt":"2023-01-16T14:31:35","slug":"la-ciudad-embellecida-con-motivos-navidenos-y-ornamentacion-luminica","status":"publish","type":"post","link":"https:\/\/24formosa.com.ar\/?p=1644","title":{"rendered":"La ciudad embellecida con motivos navide\u00f1os y ornamentaci\u00f3n lum\u00ednica"},"content":{"rendered":"<p style=\"text-align: justify;\">Gran cantidad de personas que no emigraron en estos d\u00edas feriados como lo hicieron casi dos millones de personas en distintos puntos tur\u00edsticos del pa\u00eds, encontraron motivos para recrearse en su propia ciudad y en todas estas jornadas la plaza San Mart\u00edn, la avenida 25 de Mayo y la Costanera se convirtieron en los lugares elegidos para los paseos diurnos y nocturnos en familia.<\/p>\n<p style=\"text-align: justify;\">La iniciativa de ornamentar esos lugares con iluminaci\u00f3n multicolor ha sido acertada ya que permiti\u00f3 mostrar a una Formosa alegre y espl\u00e9ndida por lo que no fueron escasos los que interesados en la novedad se lanzaron con sus autom\u00f3viles o a pie a desarrollar el recorrido de la principal avenida formose\u00f1a desde Belgrano hasta Fontana.<\/p>\n<p style=\"text-align: justify;\">En realidad, comenzaba originalmente en la plazoleta ubicada frente al IAS y al Museo Hist\u00f3rico y Regional que apadrina la instituci\u00f3n mencionada primero y que con buen gusto y efecto distribuyo figuras aleg\u00f3ricas y una suerte de lluvia de luces desplegada sobre la copa y el tallo de los arboles lugare\u00f1os.<\/p>\n<p style=\"text-align: justify;\">La marcha por las dos manos de la 25 de Mayo era el viernes por la noche a paso de hombre, con una lentitud motivada por la larga caravana de autom\u00f3viles con familias que se deleitaban con el toque de distinci\u00f3n que surg\u00eda a lo largo de las platabandas e invitaba a tomar fotograf\u00edas desde el mismo veh\u00edculo o los que caminaban por las plazoletas con la posibilidad de una mejor toma.<\/p>\n<p style=\"text-align: justify;\">Fue imposible estacionar a todo lo largo del paseo por lo que llevarse un recuerdo de la ornamentaci\u00f3n lum\u00ednica no fue tarea f\u00e1cil ya que las fotos se distorsionaban por el rebote del flash en los parabrisas y el vaiv\u00e9n de la marcha.<\/p>\n<p style=\"text-align: justify;\">Si ese espect\u00e1culo es grato para los ojos lo es mucho m\u00e1s aun lo que se comienza a recorrer por la avenida Costanera \u201cVuelta Fermosa\u201d arrancando desde la calle Fotheringham para disfrutar hasta el extremo norte, en la plazoleta de las banderas y la fuente, de un espect\u00e1culo sorprendente que cambia a cada paso y que solamente se detiene para dar lugar a la contemplaci\u00f3n del bien logrado pesebre navide\u00f1o.<\/p>\n<p style=\"text-align: justify;\">Lo mejor se encuentra en el final del recorrido porque aunque la luz es escasa, en la fuente se disfruta de las aguas danzantes al ritmo de Tan Bi\u00f3nica o de Gustavo Cerati.<\/p>\n<p style=\"text-align: justify;\">Hubo un momento en que entre las dos banderas que flameaban altivas con la fuerza del viento ofrecieron un plano magnifico ya que se sumaban para la composici\u00f3n el \u00e1rbol multicolor y la luna que se col\u00f3 entre ellos.<\/p>\n<p style=\"text-align: justify;\">Es grata la observaci\u00f3n del paseo en su conjunto por lo que una mirada desde Fotheringhan hacia todo el desarrollo de la costanera con el rio de por medio o desde la plazoleta de las bandera hacia el comienzo del largo paseo, ya que se genera un singular paisaje que convoca a la contemplaci\u00f3n.<\/p>\n<p style=\"text-align: justify;\">Se puso mucha atenci\u00f3n en el cuidado de todos los espacios de la costanera ya que adem\u00e1s de limpia muestra a las flores multicolores y al c\u00e9sped recortado al tono con todo lo que se puede ver junto a personas de todas las edades que se animan a las caminatas o a trasladarse en autom\u00f3vil, bicicletas o motos.<\/p>\n<p style=\"text-align: justify;\">Como una s\u00edntesis de lo que se pueda percibir, hay grandes carteles que recuerdan que \u201cFormosa quiere decir hermosa\u201d con una variada grafica sobre los sitios m\u00e1s atractivos y bellos de la provincia.<\/p>\n","protected":false},"excerpt":{"rendered":"<p>Gran cantidad de personas que no emigraron en estos d\u00edas feriados como lo hicieron casi<\/p>\n","protected":false},"author":3,"featured_media":1645,"comment_status":"open","ping_status":"open","sticky":false,"template":"","format":"standard","meta":{"footnotes":""},"categories":[1],"tags":[],"class_list":["post-1644","post","type-post","status-publish","format-standard","has-post-thumbnail","hentry","category-noticias"],"_links":{"self":[{"href":"https:\/\/24formosa.com.ar\/index.php?rest_route=\/wp\/v2\/posts\/1644","targetHints":{"allow":["GET"]}}],"collection":[{"href":"https:\/\/24formosa.com.ar\/index.php?rest_route=\/wp\/v2\/posts"}],"about":[{"href":"https:\/\/24formosa.com.ar\/index.php?rest_route=\/wp\/v2\/types\/post"}],"author":[{"embeddable":true,"href":"https:\/\/24formosa.com.ar\/index.php?rest_route=\/wp\/v2\/users\/3"}],"replies":[{"embeddable":true,"href":"https:\/\/24formosa.com.ar\/index.php?rest_route=%2Fwp%2Fv2%2Fcomments&post=1644"}],"version-history":[{"count":1,"href":"https:\/\/24formosa.com.ar\/index.php?rest_route=\/wp\/v2\/posts\/1644\/revisions"}],"predecessor-version":[{"id":49013,"href":"https:\/\/24formosa.com.ar\/index.php?rest_route=\/wp\/v2\/posts\/1644\/revisions\/49013"}],"wp:featuredmedia":[{"embeddable":true,"href":"https:\/\/24formosa.com.ar\/index.php?rest_route=\/wp\/v2\/media\/1645"}],"wp:attachment":[{"href":"https:\/\/24formosa.com.ar\/index.php?rest_route=%2Fwp%2Fv2%2Fmedia&parent=1644"}],"wp:term":[{"taxonomy":"category","embeddable":true,"href":"https:\/\/24formosa.com.ar\/index.php?rest_route=%2Fwp%2Fv2%2Fcategories&post=1644"},{"taxonomy":"post_tag","embeddable":true,"href":"https:\/\/24formosa.com.ar\/index.php?rest_route=%2Fwp%2Fv2%2Ftags&post=1644"}],"curies":[{"name":"wp","href":"https:\/\/api.w.org\/{rel}","templated":true}]}}