{"id":1641,"date":"2014-12-26T21:23:50","date_gmt":"2014-12-27T00:23:50","guid":{"rendered":"https:\/\/24formosa.com.ar\/?p=1641"},"modified":"2023-01-16T11:47:54","modified_gmt":"2023-01-16T14:47:54","slug":"auguro-garcia-que-2015-sera-un-ano-pleno-de-realizaciones","status":"publish","type":"post","link":"https:\/\/24formosa.com.ar\/?p=1641","title":{"rendered":"Augur\u00f3 Garc\u00eda que 2015 ser\u00e1 un a\u00f1o pleno de realizaciones"},"content":{"rendered":"<p style=\"text-align: justify;\">El presidente del Concejo Deliberante de la capital de Formosa, Hugo Orlando Garc\u00eda, manifest\u00f3 su \u201cprofundo convencimiento\u201d que el a\u00f1o que inicia ofrecer\u00e1 \u201cmayores ejecuciones y realizaciones\u201d a favor de los vecinos de cada uno de los sectores de la ciudad. A la vez, consider\u00f3 que el per\u00edodo electoral que transcurrir\u00e1 en los pr\u00f3ximos meses no ser\u00e1 motivo para detener el trabajo y vaticin\u00f3 que los resultados de los comicios \u201cno producir\u00e1n sobresaltos ni sorpresas\u201d.<\/p>\n<p style=\"text-align: justify;\">\u201cLos vecinos de la comunidad formose\u00f1a seguramente premiar\u00e1n el trabajo que se ha venido realizando en forma constante desde la Municipalidad de Formosa, acompa\u00f1ado por el Concejo Deliberante. Ninguna campa\u00f1a medi\u00e1tica podr\u00e1 tapar la realidad de los hechos que son las m\u00faltiples obras y soluciones hasta en la contribuci\u00f3n para respuestas habitacionales en las que la Comuna intervino\u201d en el a\u00f1o que fenece, manifest\u00f3 Garc\u00eda.<\/p>\n<p style=\"text-align: justify;\"><strong>Coordinaci\u00f3n<\/strong><\/p>\n<p style=\"text-align: justify;\">Seguidamente destac\u00f3 que la unidad en la concepci\u00f3n y en la ejecuci\u00f3n que plantea el justicialismo lleva a que el trabajo de los gobiernos provincial y municipal sea arm\u00f3nico.<\/p>\n<p style=\"text-align: justify;\">\u201cEl Modelo Formose\u00f1o que ha sido concebido y ejecutado desde 1995 por el gobernador Gildo Insfr\u00e1n encontr\u00f3 con el advenimiento de N\u00e9stor y Cristina Kirchner a la Presidencia de la Naci\u00f3n, el entendimiento necesario para sacar de la postergaci\u00f3n hist\u00f3rica de Formosa. Hoy tenemos sobradas muestras que solamente desde una mirada federal se pod\u00edan impulsar las palancas del desarrollo del pa\u00eds y que han permitido a nuestra provincia avanzar a pasos agigantados en la concreci\u00f3n de las obras de infraestructura planificadas\u201d, resalt\u00f3 Garc\u00eda.<\/p>\n<p style=\"text-align: justify;\">Afirm\u00f3 que a partir de esa planificaci\u00f3n que abarca a todo el territorio provincial \u201cla Municipalidad de la capital no puede ser un ente que act\u00fae en soledad\u201d sino que por el contrario \u201clo hace en el marco del Modelo de Provincia que se ha proyectado para que cada formose\u00f1o se realice en el marco de una comunidad que se realiza\u201d, enfatiz\u00f3.<\/p>\n<p style=\"text-align: justify;\">Lament\u00f3 que \u201calguna dirigencia pol\u00edtica no entienda esto\u201d pero consider\u00f3 que \u201cseguramente est\u00e1 miran el mundo desde concepciones individualistas, con intereses de sector\u201d y desde posturas as\u00ed \u201ces imposible entender lo que significa la comunidad organizada que es profundamente solidaria porque significa la realizaci\u00f3n plena del hombre y la comunidad\u201d, insisti\u00f3.<\/p>\n<p style=\"text-align: justify;\">A\u00f1adi\u00f3 el concejal que \u201cdemandar\u00e1 much\u00edsimo espacio en la prensa enumerar todos los logros que la Municipalidad, de la mano del intendente Fernando de Vido durante el 2014\u201d pero remarc\u00f3: \u201ctampoco har\u00e1 falta porque cada vecino puede dar testimonio de ello porque las acciones y obras con sus resultados positivos para la mejora de vida de los habitantes de la ciudad est\u00e1n a la vista de todos\u201d.<\/p>\n<p style=\"text-align: justify;\"><strong>J\u00f3venes<\/strong><\/p>\n<p style=\"text-align: justify;\">Por otro lado el titular del parlamento comunal valor\u00f3 la participaci\u00f3n de los j\u00f3venes en las cuestiones p\u00fablicas poniendo de relieve que \u201cesto parte del nuevo paradigma que nos leg\u00f3 N\u00e9stor Kirchner con su pr\u00e9dica y acci\u00f3n\u201d pero adem\u00e1s \u201cpor el permanente aliento del gobernador Gildo Insfr\u00e1n para que las nuevas generaciones se incorporen a la pol\u00edtica en el entendimiento que es la herramienta para la transformaci\u00f3n social\u201d.<\/p>\n<p style=\"text-align: justify;\">Finalmente resalt\u00f3 que \u201cel justicialismo brinda a los j\u00f3venes un rol participativo, un \u00e1mbito de protagonismo para canalizar sus ideales y sue\u00f1os. Hoy la enorme cantidad de j\u00f3venes que ven en el Movimiento Nacional Justicialista el camino hacia su propia realizaci\u00f3n y de la sociedad en su conjunto es para nosotros no solamente motivo de alegr\u00eda sino muestra que contamos con la savia nueva necesaria para continuar con este rumbo\u201d, concluy\u00f3.<\/p>\n","protected":false},"excerpt":{"rendered":"<p>El presidente del Concejo Deliberante de la capital de Formosa, Hugo Orlando Garc\u00eda, manifest\u00f3 su<\/p>\n","protected":false},"author":3,"featured_media":1642,"comment_status":"open","ping_status":"open","sticky":false,"template":"","format":"standard","meta":{"footnotes":""},"categories":[1],"tags":[],"class_list":["post-1641","post","type-post","status-publish","format-standard","has-post-thumbnail","hentry","category-noticias"],"_links":{"self":[{"href":"https:\/\/24formosa.com.ar\/index.php?rest_route=\/wp\/v2\/posts\/1641","targetHints":{"allow":["GET"]}}],"collection":[{"href":"https:\/\/24formosa.com.ar\/index.php?rest_route=\/wp\/v2\/posts"}],"about":[{"href":"https:\/\/24formosa.com.ar\/index.php?rest_route=\/wp\/v2\/types\/post"}],"author":[{"embeddable":true,"href":"https:\/\/24formosa.com.ar\/index.php?rest_route=\/wp\/v2\/users\/3"}],"replies":[{"embeddable":true,"href":"https:\/\/24formosa.com.ar\/index.php?rest_route=%2Fwp%2Fv2%2Fcomments&post=1641"}],"version-history":[{"count":1,"href":"https:\/\/24formosa.com.ar\/index.php?rest_route=\/wp\/v2\/posts\/1641\/revisions"}],"predecessor-version":[{"id":52268,"href":"https:\/\/24formosa.com.ar\/index.php?rest_route=\/wp\/v2\/posts\/1641\/revisions\/52268"}],"wp:featuredmedia":[{"embeddable":true,"href":"https:\/\/24formosa.com.ar\/index.php?rest_route=\/wp\/v2\/media\/1642"}],"wp:attachment":[{"href":"https:\/\/24formosa.com.ar\/index.php?rest_route=%2Fwp%2Fv2%2Fmedia&parent=1641"}],"wp:term":[{"taxonomy":"category","embeddable":true,"href":"https:\/\/24formosa.com.ar\/index.php?rest_route=%2Fwp%2Fv2%2Fcategories&post=1641"},{"taxonomy":"post_tag","embeddable":true,"href":"https:\/\/24formosa.com.ar\/index.php?rest_route=%2Fwp%2Fv2%2Ftags&post=1641"}],"curies":[{"name":"wp","href":"https:\/\/api.w.org\/{rel}","templated":true}]}}