{"id":1638,"date":"2014-12-26T21:15:58","date_gmt":"2014-12-27T00:15:58","guid":{"rendered":"https:\/\/24formosa.com.ar\/?p=1638"},"modified":"2023-01-16T11:39:36","modified_gmt":"2023-01-16T14:39:36","slug":"estructura-edilicia-de-punta-albergara-el-centro-de-medicina-nuclear-y-radioterapia","status":"publish","type":"post","link":"https:\/\/24formosa.com.ar\/?p=1638","title":{"rendered":"Estructura edilicia de punta albergara el Centro de Medicina Nuclear y Radioterapia"},"content":{"rendered":"<p style=\"text-align: justify;\">El gobierno local a trav\u00e9s de la UCAP del ministerio de Planificaci\u00f3n, concreto el llamado a licitaci\u00f3n p\u00fablica para la construcci\u00f3n de la primera etapa de la obra edilicia destinada al Centro de Medicina Nuclear y Radioterapia que se prev\u00e9 habilitar dentro de un a\u00f1o en predios del Hospital de Alta Complejidad \u201cPresidente Juan Domingo Per\u00f3n\u201d.<\/p>\n<p style=\"text-align: justify;\">Esta convocatoria se refiere a la etapa de fundaciones y movimiento de suelos con un presupuesto de casi 44 millones de pesos y cuatro meses de ejecuci\u00f3n, previ\u00e9ndose la apertura de las ofertas para el pr\u00f3ximo 19 de enero. Sera una estructura edilicia que se ajusta a los est\u00e1ndares de avanzada.<\/p>\n<p style=\"text-align: justify;\">Con antelaci\u00f3n se hab\u00edan realizado los actos licitatorios para el equipamiento integral del Centro que contaron con la participaci\u00f3n de doce empresas oferentes que cotizaron, de modo global, por algo m\u00e1s de 11 millones de d\u00f3lares.<\/p>\n<p style=\"text-align: justify;\">Uno de los presupuestos presentados tiene que ver con la provisi\u00f3n de los equipos de \u00faltima generaci\u00f3n para el subproyecto de Radioterapia y con lo cual se termin\u00f3 de licitar el 100 por ciento del equipamiento.<\/p>\n<p style=\"text-align: justify;\">Antes se abrieron las ofertas para el subproyecto del PET y el Ciclotr\u00f3n- equipos que estar\u00e1n instalados en 10 o 12 meses- que se suman a las que cotizaron para este tema de Radioterapia que tiene entre sus rubros principales los correspondientes a los aceleradores lineales de alta energ\u00eda, del sistema de planificaci\u00f3n y braquiterapia.<\/p>\n<p style=\"text-align: justify;\">Aclar\u00f3 el ministro de Econom\u00eda, Jorge Iba\u00f1ez, que estos equipos son adquiridos por la CNEA y el ministerio de Planificaci\u00f3n Federal de la Naci\u00f3n y deber\u00e1n ser colocados en Formosa e instalados en el HAC por las firmas que resultados adjudicatarias de las licitaciones, aclarando que all\u00ed se prueba su funcionamiento y una vez aprobado reci\u00e9n se cumple con la obligaci\u00f3n contractual que se ha asumido.<\/p>\n<p style=\"text-align: justify;\">Opin\u00f3 que todas estas cosas son posibles porque Formosa ha ingresado en el ancho camino del Plan Nuclear Argentino.<br \/>\n\u201cCuando ello ocurre se introduce en este mundo de los aportes de la ciencia y el conocimiento relacionado con todo lo nuclear donde la medicina nuclear es un gran cap\u00edtulo pero como \u00e9ste hay otros como la capacitaci\u00f3n de los formose\u00f1os en las instalaciones nucleares; la instalaci\u00f3n del Polo Cient\u00edfico y Tecnol\u00f3gico y la radicaci\u00f3n a futuro de industrias que apunten a esto ; creo que Formosa ha ingresa a un cap\u00edtulo nuevo de su historia relacionado con el plan nuclear\u201d, expuso.<\/p>\n<p style=\"text-align: justify;\"><strong>Decisi\u00f3n pol\u00edtica<\/strong><\/p>\n<p style=\"text-align: justify;\">Jorge Ib\u00e1\u00f1ez hizo notar la relevancia que tiene este paso dado por la decisi\u00f3n pol\u00edtica del gobernador Insfr\u00e1n ya que Formosa se convertir\u00e1 en tenedora de estos equipos de alt\u00edsima complejidad que solamente existen en el pa\u00eds en tres institutos p\u00fablicos y dos privados.<\/p>\n<p style=\"text-align: justify;\">Tras pormenorizar acerca del funcionamiento de estos equipos, consign\u00f3 que el Centro de Medicina Nuclear y Radioterapia no solamente va a ser para los formose\u00f1os sino tambi\u00e9n regional y hasta internacional porque el Paraguay recibe en la actualidad de Buenos Aires y San Pablo, Brasil, los radiois\u00f3topos necesarios que dentro de un a\u00f1o se producir\u00e1n en esta capital.<\/p>\n<p style=\"text-align: justify;\">\u201cPor eso este emprendimiento no solamente ser\u00e1 un aporte a la calidad sanitaria y de vida de quienes vivimos en Formosa sino tambi\u00e9n del resto de los argentinos y de los hermanos paraguayos\u201d, subray\u00f3.<\/p>\n<p style=\"text-align: justify;\"><strong>Impacto social<\/strong><\/p>\n<p style=\"text-align: justify;\">\u201d Los que hemos tenido alg\u00fan familiar con una sintomatolog\u00eda oncol\u00f3gica y luchando con la vida y la muerte por este tipo de enfermedades en Buenos Aires, el tener la posibilidad de hacerlo ac\u00e1 , cerca de la casa de cada paciente, no tiene precio\u201d, confio el ministro.<\/p>\n<p style=\"text-align: justify;\">\u201cPara aquellos que saben lo que es el desarraigo, lo que es Buenos Aires, lo que es la gran ciudad y sobre todo para aquellos familiares de los enfermos que no tienen los recursos para trasladarse hasta all\u00ed y que desean hacerlo para animarlos y contagiarlos de espiritualidad a los pacientes que son creyentes hacerlo aqu\u00ed, cerca de la casa es m\u00e1s f\u00e1cil pero a 1.300 kil\u00f3metros es muy dif\u00edcil\u201d, reflexion\u00f3.<\/p>\n<p style=\"text-align: justify;\">Hizo notar que el contar con este valioso equipamiento tambi\u00e9n adquiere un valor singular para la prevenci\u00f3n.<\/p>\n","protected":false},"excerpt":{"rendered":"<p>El gobierno local a trav\u00e9s de la UCAP del ministerio de Planificaci\u00f3n, concreto el llamado<\/p>\n","protected":false},"author":3,"featured_media":1639,"comment_status":"open","ping_status":"open","sticky":false,"template":"","format":"standard","meta":{"footnotes":""},"categories":[1],"tags":[],"class_list":["post-1638","post","type-post","status-publish","format-standard","has-post-thumbnail","hentry","category-noticias"],"_links":{"self":[{"href":"https:\/\/24formosa.com.ar\/index.php?rest_route=\/wp\/v2\/posts\/1638","targetHints":{"allow":["GET"]}}],"collection":[{"href":"https:\/\/24formosa.com.ar\/index.php?rest_route=\/wp\/v2\/posts"}],"about":[{"href":"https:\/\/24formosa.com.ar\/index.php?rest_route=\/wp\/v2\/types\/post"}],"author":[{"embeddable":true,"href":"https:\/\/24formosa.com.ar\/index.php?rest_route=\/wp\/v2\/users\/3"}],"replies":[{"embeddable":true,"href":"https:\/\/24formosa.com.ar\/index.php?rest_route=%2Fwp%2Fv2%2Fcomments&post=1638"}],"version-history":[{"count":1,"href":"https:\/\/24formosa.com.ar\/index.php?rest_route=\/wp\/v2\/posts\/1638\/revisions"}],"predecessor-version":[{"id":49664,"href":"https:\/\/24formosa.com.ar\/index.php?rest_route=\/wp\/v2\/posts\/1638\/revisions\/49664"}],"wp:featuredmedia":[{"embeddable":true,"href":"https:\/\/24formosa.com.ar\/index.php?rest_route=\/wp\/v2\/media\/1639"}],"wp:attachment":[{"href":"https:\/\/24formosa.com.ar\/index.php?rest_route=%2Fwp%2Fv2%2Fmedia&parent=1638"}],"wp:term":[{"taxonomy":"category","embeddable":true,"href":"https:\/\/24formosa.com.ar\/index.php?rest_route=%2Fwp%2Fv2%2Fcategories&post=1638"},{"taxonomy":"post_tag","embeddable":true,"href":"https:\/\/24formosa.com.ar\/index.php?rest_route=%2Fwp%2Fv2%2Ftags&post=1638"}],"curies":[{"name":"wp","href":"https:\/\/api.w.org\/{rel}","templated":true}]}}