{"id":1578,"date":"2014-12-22T22:12:49","date_gmt":"2014-12-23T01:12:49","guid":{"rendered":"https:\/\/24formosa.com.ar\/?p=1578"},"modified":"2023-01-16T11:47:56","modified_gmt":"2023-01-16T14:47:56","slug":"no-habra-aumento-insfran-y-de-vido-prorrogan-el-plan-convergencia-de-tarifas-electricas","status":"publish","type":"post","link":"https:\/\/24formosa.com.ar\/?p=1578","title":{"rendered":"No habr\u00e1 aumento: Insfr\u00e1n y De Vido prorrogan el plan convergencia de tarifas el\u00e9ctricas"},"content":{"rendered":"<p style=\"text-align: justify;\">Formosa se convirti\u00f3 en la primera provincia del pa\u00eds en acordar pr\u00f3rroga del programa de Convergencia de Tarifas El\u00e9ctricas luego del acuerdo suscripto entre el ministro de Planificaci\u00f3n, Julio De Vido, y el gobernador Gildo Insfr\u00e1n.<\/p>\n<p style=\"text-align: justify;\">Por este convenio Formosa se comprometi\u00f3 a mantener sin modificaciones los cuadros tarifarios el\u00e9ctricos en la provincia mientras que el Gobierno Nacional financiar\u00e1 obras de distribuci\u00f3n.<\/p>\n<p style=\"text-align: justify;\">De este modo quedo ratificada la extensi\u00f3n del convenio de del Programa de Convergencia de Tarifas El\u00e9ctricas y Reafirmaci\u00f3n del Federalismo El\u00e9ctrico e Integraci\u00f3n en la Rep\u00fablica Argentina, rubricado el 1 de abril de 2014, que venc\u00eda el 31 de diciembre pr\u00f3ximo.<\/p>\n<p style=\"text-align: justify;\">El ministerio de Planificaci\u00f3n Federal se compromete a financiar obras de distribuci\u00f3n el\u00e9ctrica en toda la provincia, que permitir\u00e1n dar confiabilidad al sistema y a mejorar la calidad de vida de los usuarios as\u00ed como la competividad industrial.<\/p>\n<p style=\"text-align: justify;\">Se destac\u00f3 que este programa se encuadra en los lineamientos del Plan Energ\u00e9tico Nacional y busca implementar la estabilizaci\u00f3n y convergencia de las tarifas el\u00e9ctricas con una visi\u00f3n federal e integradora en todo el territorio nacional, lo que redundar\u00e1 en la mejora de la calidad de vida de los habitantes, el desarrollo de la actividad econ\u00f3mica y la generaci\u00f3n de la infraestructura para mantener el empleo y la industria nacional.<\/p>\n<p style=\"text-align: justify;\">De esta manera, Formosa se convierte en la primera provincia que suscribe la pr\u00f3rroga del acuerdo.<\/p>\n","protected":false},"excerpt":{"rendered":"<p>Formosa se convirti\u00f3 en la primera provincia del pa\u00eds en acordar pr\u00f3rroga del programa de<\/p>\n","protected":false},"author":3,"featured_media":1579,"comment_status":"open","ping_status":"open","sticky":false,"template":"","format":"standard","meta":{"footnotes":""},"categories":[1],"tags":[],"class_list":["post-1578","post","type-post","status-publish","format-standard","has-post-thumbnail","hentry","category-noticias"],"_links":{"self":[{"href":"https:\/\/24formosa.com.ar\/index.php?rest_route=\/wp\/v2\/posts\/1578","targetHints":{"allow":["GET"]}}],"collection":[{"href":"https:\/\/24formosa.com.ar\/index.php?rest_route=\/wp\/v2\/posts"}],"about":[{"href":"https:\/\/24formosa.com.ar\/index.php?rest_route=\/wp\/v2\/types\/post"}],"author":[{"embeddable":true,"href":"https:\/\/24formosa.com.ar\/index.php?rest_route=\/wp\/v2\/users\/3"}],"replies":[{"embeddable":true,"href":"https:\/\/24formosa.com.ar\/index.php?rest_route=%2Fwp%2Fv2%2Fcomments&post=1578"}],"version-history":[{"count":1,"href":"https:\/\/24formosa.com.ar\/index.php?rest_route=\/wp\/v2\/posts\/1578\/revisions"}],"predecessor-version":[{"id":52280,"href":"https:\/\/24formosa.com.ar\/index.php?rest_route=\/wp\/v2\/posts\/1578\/revisions\/52280"}],"wp:featuredmedia":[{"embeddable":true,"href":"https:\/\/24formosa.com.ar\/index.php?rest_route=\/wp\/v2\/media\/1579"}],"wp:attachment":[{"href":"https:\/\/24formosa.com.ar\/index.php?rest_route=%2Fwp%2Fv2%2Fmedia&parent=1578"}],"wp:term":[{"taxonomy":"category","embeddable":true,"href":"https:\/\/24formosa.com.ar\/index.php?rest_route=%2Fwp%2Fv2%2Fcategories&post=1578"},{"taxonomy":"post_tag","embeddable":true,"href":"https:\/\/24formosa.com.ar\/index.php?rest_route=%2Fwp%2Fv2%2Ftags&post=1578"}],"curies":[{"name":"wp","href":"https:\/\/api.w.org\/{rel}","templated":true}]}}