{"id":1575,"date":"2014-12-22T22:07:33","date_gmt":"2014-12-23T01:07:33","guid":{"rendered":"https:\/\/24formosa.com.ar\/?p=1575"},"modified":"2023-01-16T11:31:35","modified_gmt":"2023-01-16T14:31:35","slug":"docentes-aborigenes-del-extremo-oeste-piden-extender-oferta-educativa-del-nivel-superior","status":"publish","type":"post","link":"https:\/\/24formosa.com.ar\/?p=1575","title":{"rendered":"Docentes abor\u00edgenes del extremo oeste piden extender oferta educativa del nivel Superior"},"content":{"rendered":"<p style=\"text-align: justify;\">Un grupo de docentes ind\u00edgenas del extremo oeste de la provincia, puntualmente del departamento Ram\u00f3n Lista, coincidieron en marcar que en se vienen dando profundas transformaciones en toda la zona, por lo que entienden \u201cla educaci\u00f3n debe acompa\u00f1ar todo ese proceso, y entonces aumentar las ofertas del nivel Superior es muy importante\u201d.<\/p>\n<p style=\"text-align: justify;\">Oliva Torres (Maestro Especial en la Modalidad Aborigen) y Amadeo Fern\u00e1ndez, profesor de m\u00fasica, ambos de Mar\u00eda Cristina, y Edivio Ben\u00edtez, maestro de grado en la escuela 34 de Lote 8, comunidades distantes a mas de 600 kil\u00f3metros de esta capital, fueron recibidos ayer por el Jefe de Gabinete, doctor Antonio Ferreira, ante quien expusieron acerca de la posibilidad de avanzar en la creaci\u00f3n de alguna herramienta de formaci\u00f3n en el nivel Superior en aquella zona habitada mayormente por ind\u00edgenas wichi.<\/p>\n<p style=\"text-align: justify;\">Torres, quien reconoci\u00f3 el contraste de a\u00f1os atr\u00e1s cuando las demandas pasaban por asistencia en necesidades b\u00e1sicas como alimento, salud, agua, luz, caminos, y ahora lo que \u201cplanteamos es algo muy distinto, porque esa otra parte de la historia de abandono quedo atr\u00e1s, ahora queremos tener m\u00e1s y mejor educaci\u00f3n, y con este gobierno sabemos que lo vamos a conseguir\u201d<\/p>\n<p style=\"text-align: justify;\">Dijo que \u201csoy consciente de que tener un instituto Superior no es algo que pueda realizarse de un d\u00eda al otro\u201d, pero destaco que \u201cvi la buena predisposici\u00f3n del gobierno en dar igualdad de posibilidades a todos los formose\u00f1os, y en especial en lo educativo de que es una cuesti\u00f3n de estado y el prop\u00f3sito es ir creando las condiciones de formaci\u00f3n profesional en todas las regiones de la provincia\u201d.<\/p>\n<p style=\"text-align: justify;\">Afirmo que los MEMA como el \u201ctenemos una formaci\u00f3n importante\u201d, pero entiende que \u201ces necesario avanzar en este proceso de capacitaci\u00f3n permanente ante los cambios vertiginosos que se producen y que obligan a estar a la altura con estos nuevos tiempos\u201d.<\/p>\n<p style=\"text-align: justify;\">Amadeo Fern\u00e1ndez, un profesor de m\u00fasica de la zona s\u00e9alo que \u201cconfiamos en que tras el an\u00e1lisis que hagan las autoridades sobre lo planteado tendremos una respuesta positiva, sobre todo atendiendo a la necesidad de ampliar los conocimientos en quienes tenemos la responsabilidad de formar en las comunidades ind\u00edgenas\u201d.<\/p>\n<p style=\"text-align: justify;\">\u201cNosotros los j\u00f3venes que ya tenemos un titulo que nos habilita a estar frente al aula es muy importante elevar nuestro nivel de formaci\u00f3n y de esa manera estar capacitados para los nuevos tiempos que son cada vez m\u00e1s exigentes y complejos, sobre todo para las comunidades abor\u00edgenes, que reci\u00e9n en los \u00faltimos a\u00f1os y gracias a este gobierno esta pudiendo integrarse al resto de la comunidad en igualdad de posibilidades\u201d.<\/p>\n<p style=\"text-align: justify;\">\u201cYo soy de la primera promoci\u00f3n de la escuela 5 de Mar\u00eda Cristina y tambi\u00e9n parte de una matr\u00edcula que logro seguir su formaci\u00f3n, en mi caso como profesor de m\u00fasica, pero en general se pide ampliar nuevas orientaciones\u201d, indico.<\/p>\n<p style=\"text-align: justify;\">Refiri\u00f3 a que en su caso personal ahora es docente de la escuela del lugar y aprecia como los chicos abor\u00edgenes tienen deseos de continuar sus estudios en otro nivel, por eso \u201ccreemos que es importante que tengan la posibilidad de alcanzar esa meta sin padecer tanto el desarraigo. Son unos 250 j\u00f3venes de la zona (entre Mar\u00eda Cristina, Lote 8 y otras comunidades cercanas) los que en alg\u00fan tiempo m\u00e1s estar\u00edan en condiciones de cursar alguna carrera del nivel Superior o universitario y tambi\u00e9n los MEMAS, por lo que se justifica que tengan posibilidades de llegar a esa instancia\u201d.<\/p>\n<p style=\"text-align: justify;\">Edivio Ben\u00edtez, maestro de grado en la escuela 34 de Lote 8, dijo que \u201ces muy importante que los MEMAS puedan elevar su nivel de capacitaci\u00f3n y poder progresar en sus conocimientos y tambi\u00e9n en alcanzar un mayor nivel de preparaci\u00f3n para responder las demandas educativas que cada vez son m\u00e1s exigentes\u201d.<\/p>\n<p style=\"text-align: justify;\">\u201cNos vamos satisfechos porque vimos en el Jefe de Gabinete mucho inter\u00e9s en lo que estamos plantado, y sobre todo porque nos ratifico que en educaci\u00f3n hay decisi\u00f3n pol\u00edtica de avanzar hacia nuevos desaf\u00edos, fundamentalmente a favor de sectores como el nuestro que son los m\u00e1s necesitados, pero que reconocemos los mas atendidos con el gobierno del doctor Insfran\u201d, afirmo.<\/p>\n<p style=\"text-align: justify;\"><strong>Atendiendo la producci\u00f3n de la zona<\/strong><\/p>\n<p style=\"text-align: justify;\">Reconocen los avances, mencionando la reciente primera promoci\u00f3n del \u201cTrayecto T\u00e9cnico Profesional en Econom\u00eda Social orientado al Desarrollo de las Comunidades Rurales\u201d del Instituto de Educaci\u00f3n Superior Docente y T\u00e9cnica Intercultural Biling\u00fce de El Potrillo.<\/p>\n<p style=\"text-align: justify;\">Subrayaron el valor de esta nueva experiencia educativa relacionada con las necesidades educativas y productivas de la zona.<\/p>\n<p style=\"text-align: justify;\">Se marco que esta formaci\u00f3n en el nivel Superior orientado a comunidades rurales, cont\u00f3 este a\u00f1o con una matr\u00edcula de 80 estudiantes, entre criollos y wich\u00ed, quienes fueron los iniciadores de este trayecto tendiente a fortalecer las competencias en actividades productivas propias de las familias de la zona (la producci\u00f3n caprina, la horticultura y la producci\u00f3n de artesan\u00edas), para potenciar su desarrollo por parte de los j\u00f3venes.<\/p>\n<p style=\"text-align: justify;\">Esta tecnicatura concede a sus egresados \u201cs\u00f3lidos conocimientos de las capacidades y potencialidades productivas de la zona, facilidad comunicativa y de gesti\u00f3n para intervenir eficazmente en las relaciones que se den entre los productores y los organismos que puedan asistir, capacitar o subsidiar a aquellos en sus actividades, y tambi\u00e9n un alto grado de compromiso con lo aut\u00f3ctono\u201d.<\/p>\n","protected":false},"excerpt":{"rendered":"<p>Un grupo de docentes ind\u00edgenas del extremo oeste de la provincia, puntualmente del departamento Ram\u00f3n<\/p>\n","protected":false},"author":3,"featured_media":1576,"comment_status":"open","ping_status":"open","sticky":false,"template":"","format":"standard","meta":{"footnotes":""},"categories":[1],"tags":[],"class_list":["post-1575","post","type-post","status-publish","format-standard","has-post-thumbnail","hentry","category-noticias"],"_links":{"self":[{"href":"https:\/\/24formosa.com.ar\/index.php?rest_route=\/wp\/v2\/posts\/1575","targetHints":{"allow":["GET"]}}],"collection":[{"href":"https:\/\/24formosa.com.ar\/index.php?rest_route=\/wp\/v2\/posts"}],"about":[{"href":"https:\/\/24formosa.com.ar\/index.php?rest_route=\/wp\/v2\/types\/post"}],"author":[{"embeddable":true,"href":"https:\/\/24formosa.com.ar\/index.php?rest_route=\/wp\/v2\/users\/3"}],"replies":[{"embeddable":true,"href":"https:\/\/24formosa.com.ar\/index.php?rest_route=%2Fwp%2Fv2%2Fcomments&post=1575"}],"version-history":[{"count":1,"href":"https:\/\/24formosa.com.ar\/index.php?rest_route=\/wp\/v2\/posts\/1575\/revisions"}],"predecessor-version":[{"id":49016,"href":"https:\/\/24formosa.com.ar\/index.php?rest_route=\/wp\/v2\/posts\/1575\/revisions\/49016"}],"wp:featuredmedia":[{"embeddable":true,"href":"https:\/\/24formosa.com.ar\/index.php?rest_route=\/wp\/v2\/media\/1576"}],"wp:attachment":[{"href":"https:\/\/24formosa.com.ar\/index.php?rest_route=%2Fwp%2Fv2%2Fmedia&parent=1575"}],"wp:term":[{"taxonomy":"category","embeddable":true,"href":"https:\/\/24formosa.com.ar\/index.php?rest_route=%2Fwp%2Fv2%2Fcategories&post=1575"},{"taxonomy":"post_tag","embeddable":true,"href":"https:\/\/24formosa.com.ar\/index.php?rest_route=%2Fwp%2Fv2%2Ftags&post=1575"}],"curies":[{"name":"wp","href":"https:\/\/api.w.org\/{rel}","templated":true}]}}