{"id":1572,"date":"2014-12-22T21:46:24","date_gmt":"2014-12-23T00:46:24","guid":{"rendered":"https:\/\/24formosa.com.ar\/?p=1572"},"modified":"2023-01-16T11:47:56","modified_gmt":"2023-01-16T14:47:56","slug":"miles-de-bolsas-navidenas-distribuye-el-gobierno-provincial","status":"publish","type":"post","link":"https:\/\/24formosa.com.ar\/?p=1572","title":{"rendered":"Miles de bolsas navide\u00f1as distribuye el Gobierno provincial"},"content":{"rendered":"<p style=\"text-align: justify;\">En esta ciudad y en el interior se vienen distribuyendo en los \u00faltimos d\u00edas decenas de miles de bolsas navide\u00f1as conteniendo unidades de sidra y pan dulce repitiendo el aporte que anualmente realiza en estas fechas para sumarse a las ansias de celebraci\u00f3n familiar.<\/p>\n<p style=\"text-align: justify;\">Hay grupos de trabajo organizados que llevan a cabo la tarea de modo tal que esta entrega represente la simbolog\u00eda de un brindis compartido en la b\u00fasqueda de la afirmaci\u00f3n de la unidad, la organizaci\u00f3n y la solidaridad que proclama siempre el titular del Poder Ejecutivo.<\/p>\n<p style=\"text-align: justify;\">Este presente navide\u00f1o es un complemento material de todo un conjunto de se\u00f1ales que emite el Gobierno provincial en consonancia con el clima de j\u00fabilo que los cristianos disfrutan y los que no lo son respetan evocando el nacimiento de Jes\u00fas en Bel\u00e9n.<\/p>\n<p style=\"text-align: justify;\">Tambi\u00e9n se avanz\u00f3 en el plano art\u00edstico y cultural con la Cantata Navide\u00f1a de esta tarde junto al tradicional pesebre viviente de la Cruz del Norte, adem\u00e1s de la exposici\u00f3n de los pesebres en diferentes instituciones comunitarias y los hogares formose\u00f1os.<\/p>\n<p style=\"text-align: justify;\">En la casa de Gobierno puede apreciarse esta manifestaci\u00f3n navide\u00f1a con el montaje del tradicional pesebre en el hall de la planta baja de la sede del Poder Ejecutivo y en varios otros sectores de la sede gubernamental.<\/p>\n<p style=\"text-align: justify;\">A estas actividades promovidas por el Gobierno de la provincia tambi\u00e9n se le suman las del municipio capitalino con el armado del \u00e1rbol navide\u00f1o en el Paseo Costanero y la instalaci\u00f3n de luces y motivos aleg\u00f3ricos en los principales paseos de la ciudad, sobre todo sobre avenida 25 de Mayo, entre San Martin y Belgrano.<\/p>\n<p style=\"text-align: justify;\">Finalmente, se destac\u00f3 la simult\u00e1nea entrega de pan dulce y sidra que el Gobierno de la provincia, por expreso pedido del gobernador Gildo Insfr\u00e1n, concreta ante la llegada de la Navidad en todos los barrios de la ciudad capital y en las localidades del interior provincial.<\/p>\n","protected":false},"excerpt":{"rendered":"<p>En esta ciudad y en el interior se vienen distribuyendo en los \u00faltimos d\u00edas decenas<\/p>\n","protected":false},"author":3,"featured_media":1573,"comment_status":"open","ping_status":"open","sticky":false,"template":"","format":"standard","meta":{"footnotes":""},"categories":[1],"tags":[],"class_list":["post-1572","post","type-post","status-publish","format-standard","has-post-thumbnail","hentry","category-noticias"],"_links":{"self":[{"href":"https:\/\/24formosa.com.ar\/index.php?rest_route=\/wp\/v2\/posts\/1572","targetHints":{"allow":["GET"]}}],"collection":[{"href":"https:\/\/24formosa.com.ar\/index.php?rest_route=\/wp\/v2\/posts"}],"about":[{"href":"https:\/\/24formosa.com.ar\/index.php?rest_route=\/wp\/v2\/types\/post"}],"author":[{"embeddable":true,"href":"https:\/\/24formosa.com.ar\/index.php?rest_route=\/wp\/v2\/users\/3"}],"replies":[{"embeddable":true,"href":"https:\/\/24formosa.com.ar\/index.php?rest_route=%2Fwp%2Fv2%2Fcomments&post=1572"}],"version-history":[{"count":1,"href":"https:\/\/24formosa.com.ar\/index.php?rest_route=\/wp\/v2\/posts\/1572\/revisions"}],"predecessor-version":[{"id":52281,"href":"https:\/\/24formosa.com.ar\/index.php?rest_route=\/wp\/v2\/posts\/1572\/revisions\/52281"}],"wp:featuredmedia":[{"embeddable":true,"href":"https:\/\/24formosa.com.ar\/index.php?rest_route=\/wp\/v2\/media\/1573"}],"wp:attachment":[{"href":"https:\/\/24formosa.com.ar\/index.php?rest_route=%2Fwp%2Fv2%2Fmedia&parent=1572"}],"wp:term":[{"taxonomy":"category","embeddable":true,"href":"https:\/\/24formosa.com.ar\/index.php?rest_route=%2Fwp%2Fv2%2Fcategories&post=1572"},{"taxonomy":"post_tag","embeddable":true,"href":"https:\/\/24formosa.com.ar\/index.php?rest_route=%2Fwp%2Fv2%2Ftags&post=1572"}],"curies":[{"name":"wp","href":"https:\/\/api.w.org\/{rel}","templated":true}]}}