{"id":1547,"date":"2014-12-22T09:51:15","date_gmt":"2014-12-22T12:51:15","guid":{"rendered":"https:\/\/24formosa.com.ar\/?p=1547"},"modified":"2023-01-16T11:47:57","modified_gmt":"2023-01-16T14:47:57","slug":"el-ias-extiende-su-padrinazgo-para-embellecer-paseo-central-de-la-ciudad","status":"publish","type":"post","link":"https:\/\/24formosa.com.ar\/?p=1547","title":{"rendered":"El IAS extiende su padrinazgo para embellecer paseo central de la ciudad"},"content":{"rendered":"<p style=\"text-align: justify;\">El equivalente a la \u201cPlazoleta de los Gobernadores\u201d, sobre avenida 25 de Mayo, en el tramo San Martin-Belgrano, el cual a trav\u00e9s del padrinazgo del IAS fue totalmente acondicionada y se destaca por estos d\u00edas por sus much\u00edsimos encantos, se extender\u00e1 a lo largo del principal paseo de la ciudad hasta calle Fontana.<br \/>\nQuien por las noches transite por ese sector de la ciudad apreciara cuan atractivo se ha convertido ese tramo de una cuadra, reluciendo por sus luces navide\u00f1as, carteles luminosos y un atractivo parquizado, que fue realizado por el Instituto de Asistencia Social.<br \/>\nY esto porque inicialmente el organismo solicito y se le concedi\u00f3 el padrinazgo en esta secci\u00f3n, es decir frente a la sede del organismo, donde se trabajo a fin de incorporarlo a todo el paisaje del Paseo Costanero, pero ahora el mismo se extender\u00e1 hasta la calle Fontana.<br \/>\nJustamente en la \u00faltima sesi\u00f3n del HCD se aprob\u00f3 la ordenanza aprobando la extensi\u00f3n del padrinazgo, con lo cual todo el embellecimiento de la plazoleta central de la principal arteria de la ciudad y su mantenimiento, estar\u00e1 a cargo del IAS.<br \/>\n\u201cEs un mayor compromiso del asumido primeramente, aunque tenemos las mejores expectativas en cumplir con el prop\u00f3sito que nos hemos impuesto es colaborar en dotar a la ciudad de mayores atractivos\u201d, expuso el administrdor del IAS, arquitecto, Edgar P\u00e9rez.<br \/>\nFinalizo subrayando que \u201cpretendemos que lo que hemos logrado en estos primeros cien metros en la que dimos en llamar \u00abPlazoleta de los gobernadores\u201d se ampl\u00ede a lo largo de toda la avenida hasta calle Fontana. Ya comenzamos a trabajar y ojala que la ambiciosa meta trazada podamos alcanzarla en el tiempo m\u00e1s corto posible, para as\u00ed todos los formose\u00f1os y los visitantes puedan disfrutar de la Formosa m\u00e1s bella y hermosa\u201d.<\/p>\n","protected":false},"excerpt":{"rendered":"<p>El equivalente a la \u201cPlazoleta de los Gobernadores\u201d, sobre avenida 25 de Mayo, en el<\/p>\n","protected":false},"author":3,"featured_media":1548,"comment_status":"open","ping_status":"open","sticky":false,"template":"","format":"standard","meta":{"footnotes":""},"categories":[1],"tags":[],"class_list":["post-1547","post","type-post","status-publish","format-standard","has-post-thumbnail","hentry","category-noticias"],"_links":{"self":[{"href":"https:\/\/24formosa.com.ar\/index.php?rest_route=\/wp\/v2\/posts\/1547","targetHints":{"allow":["GET"]}}],"collection":[{"href":"https:\/\/24formosa.com.ar\/index.php?rest_route=\/wp\/v2\/posts"}],"about":[{"href":"https:\/\/24formosa.com.ar\/index.php?rest_route=\/wp\/v2\/types\/post"}],"author":[{"embeddable":true,"href":"https:\/\/24formosa.com.ar\/index.php?rest_route=\/wp\/v2\/users\/3"}],"replies":[{"embeddable":true,"href":"https:\/\/24formosa.com.ar\/index.php?rest_route=%2Fwp%2Fv2%2Fcomments&post=1547"}],"version-history":[{"count":1,"href":"https:\/\/24formosa.com.ar\/index.php?rest_route=\/wp\/v2\/posts\/1547\/revisions"}],"predecessor-version":[{"id":52286,"href":"https:\/\/24formosa.com.ar\/index.php?rest_route=\/wp\/v2\/posts\/1547\/revisions\/52286"}],"wp:featuredmedia":[{"embeddable":true,"href":"https:\/\/24formosa.com.ar\/index.php?rest_route=\/wp\/v2\/media\/1548"}],"wp:attachment":[{"href":"https:\/\/24formosa.com.ar\/index.php?rest_route=%2Fwp%2Fv2%2Fmedia&parent=1547"}],"wp:term":[{"taxonomy":"category","embeddable":true,"href":"https:\/\/24formosa.com.ar\/index.php?rest_route=%2Fwp%2Fv2%2Fcategories&post=1547"},{"taxonomy":"post_tag","embeddable":true,"href":"https:\/\/24formosa.com.ar\/index.php?rest_route=%2Fwp%2Fv2%2Ftags&post=1547"}],"curies":[{"name":"wp","href":"https:\/\/api.w.org\/{rel}","templated":true}]}}