{"id":1544,"date":"2014-12-22T09:45:13","date_gmt":"2014-12-22T12:45:13","guid":{"rendered":"https:\/\/24formosa.com.ar\/?p=1544"},"modified":"2023-01-16T11:47:57","modified_gmt":"2023-01-16T14:47:57","slug":"entre-hoy-y-manana-pagan-salarios-y-medio-aguinaldo-a-los-estatales","status":"publish","type":"post","link":"https:\/\/24formosa.com.ar\/?p=1544","title":{"rendered":"Entre hoy y ma\u00f1ana pagan salarios y medio aguinaldo a los estatales"},"content":{"rendered":"<p style=\"text-align: justify;\">Desde la cartera de Econom\u00eda, Hacienda y Finanzas se ratifico lo anunciado por el gobernador Gildo Insfran en que entre hoy lunes y ma\u00f1ana martes, se estar\u00e1n abonando de manera conjunta los haberes de diciembre y el medio aguinaldo \u2013segundo semestre de 2014- a la totalidad de los agentes de la administraci\u00f3n p\u00fablica provincial.<br \/>\nEn la fecha los que estar\u00e1n percibiendo son los agentes pasivos dependiente de la Caja de Previsi\u00f3n Social, mientras que el personal activo cobrar\u00e1 ma\u00f1ana, que en el caso de los docentes incluye el Incentivo General y el concepto de Garant\u00eda Salarial 2014.<br \/>\nSe cuantifico que el gobierno provincial desembolsar\u00e1 para ello ,una suma superior a los\u00a0750\u00a0\u00a0millones de pesos\u00a0\u00a0merced a las previsiones\u00a0financieras iniciadas a partir del mes de julio, circunstancia que permite\u00a0disponer de los recursos\u00a0para\u00a0solventar el rubro presupuestario\u00a0de mayor porcentualidad\u00a0dentro de \u00a0las erogaciones del Tesoro\u00a0estatal.<\/p>\n<p style=\"text-align: justify;\"><strong>Din\u00e1mica en la plaza<\/strong><\/p>\n<p style=\"text-align: justify;\">Aunque es dable se\u00f1alar, seg\u00fan lo anticipado por el ministro de Econom\u00eda, Jorge Iba\u00f1ez, que \u201cen el lapso de unos 10 d\u00edas se estar\u00e1 habr\u00e1 un circulante en la plaza local de unos 1200 millones de pesos\u201d, que discrimino en \u201c750 millones por parte del estado provincial con pago de SAC y salarios, adem\u00e1s de los fondos de or\u00edgenes nacional y provincial, mas la actividad privada\u201d.<br \/>\nEntiende el ministro que \u201cse trata de un monto de dinero muy importante que entiende tendr\u00e1 gran impacto en el consumo y por supuesto en los comercios de los diferentes rubros\u201d.<br \/>\nJustamente sectores comerciales del medio ya hab\u00edan exteriorizado su satisfacci\u00f3n por el anuncio que realiz\u00f3 el gobernador Gildo Insfr\u00e1n de abonar de manera conjunta los salarios y el medio aguinaldo, dada la importante inyecci\u00f3n de recursos a la plaza financiera local.<br \/>\nIncluso estos respondieron coincidente ante el llamamiento para que ante la circulaci\u00f3n de ese significativo volumen dinerario en el mercado econ\u00f3mico est\u00e9n a la altura de las circunstancias y eviten aumentar los precios de los productos que demanda la gente.<br \/>\nSe considero como \u201cmuy importante que haya dinero en el mercado, es fundamental para el consumo y dar din\u00e1mica a toda la plaza local\u201d, exponi\u00e9ndose que \u201ces estos desembolsos de obligaciones con los empleados de manera conjunta una buena medida, y entiendo que la gente sabr\u00e1 administrar sus recursos, sobre todo porque ya hubo una experiencia igual el a\u00f1o pasado\u201d.<br \/>\nTambi\u00e9n fue subrayado que esta decisi\u00f3n \u201cmarca un ordenamiento econ\u00f3mico y administrativo que permite abonar esto al mismo tiempo, cuando bien podr\u00eda hacerlo en plazos diferidos\u201d.<br \/>\nFue considerado que \u201cesto permitir\u00e1 al empleado p\u00fablico disponer de un dinero en efectivo para encarar de manera distinta las compras, adem\u00e1s de tener previsibilidad, sobre todo porque con anticipaci\u00f3n se vienen promocionando ofertas y acordado canastas navide\u00f1as\u201d.<\/p>\n<p style=\"text-align: justify;\"><strong>No aumentar<\/strong><\/p>\n<p style=\"text-align: justify;\">Por su parte, en estos \u00faltimos d\u00edas y de acuerdo a consultas a consumidores en la v\u00eda p\u00fablica acerca de sus expectativas en estas semanas festivas, fue coincidente el llamamiento a los empresarios y comerciantes para que ante la circulaci\u00f3n de ese significativo volumen dinerario en el mercado econ\u00f3mico est\u00e9n a la altura de las circunstancias y eviten aumentar los precios de los productos que demanda la gente.<br \/>\nDestacan los acuerdos por canastas navide\u00f1as a nivel nacional y local, como tambi\u00e9n esquemas ya vigentes caso el de \u201cPrecios Cuidados\u201d, entendiendo que estos convenios por ofertas de productos de alto consumo en estos d\u00edas se mantengan y tambi\u00e9n los precios, contribuir\u00e1 a que el consumo sea elevado y \u201ctodas las familias formose\u00f1as tengamos las mejores fiestas\u201d, expuso Mariela Mabel Gim\u00e9nez, mientras hac\u00eda consultas en un supermercado local.<\/p>\n","protected":false},"excerpt":{"rendered":"<p>Desde la cartera de Econom\u00eda, Hacienda y Finanzas se ratifico lo anunciado por el gobernador<\/p>\n","protected":false},"author":3,"featured_media":1545,"comment_status":"open","ping_status":"open","sticky":false,"template":"","format":"standard","meta":{"footnotes":""},"categories":[1],"tags":[],"class_list":["post-1544","post","type-post","status-publish","format-standard","has-post-thumbnail","hentry","category-noticias"],"_links":{"self":[{"href":"https:\/\/24formosa.com.ar\/index.php?rest_route=\/wp\/v2\/posts\/1544","targetHints":{"allow":["GET"]}}],"collection":[{"href":"https:\/\/24formosa.com.ar\/index.php?rest_route=\/wp\/v2\/posts"}],"about":[{"href":"https:\/\/24formosa.com.ar\/index.php?rest_route=\/wp\/v2\/types\/post"}],"author":[{"embeddable":true,"href":"https:\/\/24formosa.com.ar\/index.php?rest_route=\/wp\/v2\/users\/3"}],"replies":[{"embeddable":true,"href":"https:\/\/24formosa.com.ar\/index.php?rest_route=%2Fwp%2Fv2%2Fcomments&post=1544"}],"version-history":[{"count":1,"href":"https:\/\/24formosa.com.ar\/index.php?rest_route=\/wp\/v2\/posts\/1544\/revisions"}],"predecessor-version":[{"id":52287,"href":"https:\/\/24formosa.com.ar\/index.php?rest_route=\/wp\/v2\/posts\/1544\/revisions\/52287"}],"wp:featuredmedia":[{"embeddable":true,"href":"https:\/\/24formosa.com.ar\/index.php?rest_route=\/wp\/v2\/media\/1545"}],"wp:attachment":[{"href":"https:\/\/24formosa.com.ar\/index.php?rest_route=%2Fwp%2Fv2%2Fmedia&parent=1544"}],"wp:term":[{"taxonomy":"category","embeddable":true,"href":"https:\/\/24formosa.com.ar\/index.php?rest_route=%2Fwp%2Fv2%2Fcategories&post=1544"},{"taxonomy":"post_tag","embeddable":true,"href":"https:\/\/24formosa.com.ar\/index.php?rest_route=%2Fwp%2Fv2%2Ftags&post=1544"}],"curies":[{"name":"wp","href":"https:\/\/api.w.org\/{rel}","templated":true}]}}