{"id":1535,"date":"2014-12-22T09:30:32","date_gmt":"2014-12-22T12:30:32","guid":{"rendered":"https:\/\/24formosa.com.ar\/?p=1535"},"modified":"2023-01-16T11:47:57","modified_gmt":"2023-01-16T14:47:57","slug":"el-gobierno-aseguro-en-territorio-los-aportes-en-semillas-packs-de-agroquimicos-e-insumos","status":"publish","type":"post","link":"https:\/\/24formosa.com.ar\/?p=1535","title":{"rendered":"El gobierno aseguro en territorio los aportes en semillas, packs de agroqu\u00edmicos e insumos"},"content":{"rendered":"<p style=\"text-align: justify;\">Est\u00e1n dadas todas las condiciones en el territorio para que se produzca la siembra m\u00e1xima de dos cultivos emblem\u00e1ticos como el algod\u00f3n y el ma\u00edz. La referencia desde el ministerio de la Producci\u00f3n y Ambiente, tiene directa referencia a las lluvias de los \u00faltimos d\u00edas, la disponibilidad de las semillas, pack de agroqu\u00edmicos e insumos que aporta el gobierno, adem\u00e1s de prestadores de servicios y municipios coordinando la preparaci\u00f3n de lotes de peque\u00f1os productores.<\/p>\n<p style=\"text-align: justify;\">As\u00ed lo certifico el propio ministro Ra\u00fal Quintana, quien estuvo los \u00faltimos dias recorriendo zonas productivas del interior formose\u00f1o, se\u00f1alando justamente que se han venido dando muy buenas precipitaciones en todo el interior de la provincia, por lo que es muy favorable para la siembra de algod\u00f3n y ma\u00edz. Expuso que desde la cartera de Producci\u00f3n se viene recomendando a los productores que \u201cel algod\u00f3n se siembre en este tiempo hasta la primera semana de enero\u201d.<\/p>\n<p style=\"text-align: justify;\">Indico que \u201cen la primera no se ha sembrado la superficie esperada inicialmente porque el contexto no lo permiti\u00f3, no ayudaron las condiciones clim\u00e1ticas. Es decir que no sembr\u00f3 porque no se deb\u00eda hacerlo, ahora las entorno se ha modificado para bien, por lo que la recomendaci\u00f3n es que siembren ahora. Le decimos que se encuentran disponibles las semillas e insumos para quienes aun no han sembrado y que en el caso del algod\u00f3n pueden hacerlo hasta mediados de enero y para el ma\u00edz incluso a febrero\u201d.<\/p>\n<p style=\"text-align: justify;\">Por otra parte, resalt\u00f3 que \u201clas semillas, los pack de agroqu\u00edmicos y los insumos est\u00e1n en cada localidad, para lo cual las mesas productivas locales est\u00e1n trabajando para que estos aportes lleguen a los peque\u00f1os productores\u201d.<\/p>\n<p style=\"text-align: justify;\">Indico que el ma\u00edz se perfila como el cultivo de mayor escala a sembrarse, como ya se diera en la campa\u00f1a anterior, donde se record\u00f3 que hubo rindes superlativos de hasta 5000 kilos por hect\u00e1reas.<\/p>\n<p style=\"text-align: justify;\">Adem\u00e1s, Quintana pondero las grandes superficies sembradas con mandioca, para lo cual la intervenci\u00f3n del Instituto PAIPPA ha sido muy importante.<\/p>\n<p style=\"text-align: justify;\">Alent\u00f3 en este marco a los paipperos a que \u201cse sumen de manera activa a las ferias francas que en estas fechas aparecen como excelentes herramientas para comercializar las producciones, para lo cual el Instituto PAIPPA dispuso de las estrategias que facilitan la presencia de los peque\u00f1os productores en los diferentes sectores de la ciudad donde se cuentan las boca de ventas\u201d.<\/p>\n<p style=\"text-align: justify;\"><strong>Ganader\u00eda<\/strong><\/p>\n<p style=\"text-align: justify;\">Por otra parte, Quintana tambi\u00e9n hizo referencia al segmento ganadero, al que califico de \u201coptimo\u201d el contexto actual, se\u00f1alando que \u201clas pariciones son altas y los animales est\u00e1n en plano servicio\u201d, avizorando que \u201cseguramente en las pariciones del a\u00f1o que viene de manifestara este buen momento de la ganader\u00eda\u201d, sin dejar de destacar \u201clos buenos precios que se obtuvieron a lo largo de 2014 \u201c.<\/p>\n<p style=\"text-align: justify;\"><strong>Fondo para la emergencia<\/strong><\/p>\n<p style=\"text-align: justify;\">Quintana fue categ\u00f3rico al decir que \u201clos fondos asignados por Naci\u00f3n a la provincia para atender la emergencia en algunos cultivos como algod\u00f3n, banana y sandia aun no han sido transferidos, aunque esta el compromiso de que esto se estar\u00eda dando en poco tiempo m\u00e1s\u201d.<\/p>\n<p style=\"text-align: justify;\">\u201cEl gobierno provincial concreto todas las gestiones necesarias en tiempo y forma ante los estamentos que correspond\u00edan, as\u00ed que insisto, confiamos en el compromiso federal de que en brev\u00edsimo plazo los recursos estar\u00e1n deposit\u00e1ndose y entonces podremos abonar los aportes no reintegrables ya establecidos para atender el contexto de emergencia\u201d, expuso.<\/p>\n<p style=\"text-align: justify;\">De todos modos se subrayo que localmente el estado provincial no espero a que se estableciera esta medida nacional, y a trav\u00e9s de diferentes estrategias se vino asistiendo a los distintos sectores del campo productivo local.<\/p>\n<p style=\"text-align: justify;\">Valorizo finalmente el \u201cexcelente marco de di\u00e1logo y consenso con los productores, con quienes a trav\u00e9s de las mesas de trabajo hemos podido coordinar las mejores acciones tendientes a recomponer su situaci\u00f3n productiva y tambi\u00e9n apuntalar la campa\u00f1a\u201d.<\/p>\n","protected":false},"excerpt":{"rendered":"<p>Est\u00e1n dadas todas las condiciones en el territorio para que se produzca la siembra m\u00e1xima<\/p>\n","protected":false},"author":3,"featured_media":1536,"comment_status":"open","ping_status":"open","sticky":false,"template":"","format":"standard","meta":{"footnotes":""},"categories":[1],"tags":[],"class_list":["post-1535","post","type-post","status-publish","format-standard","has-post-thumbnail","hentry","category-noticias"],"_links":{"self":[{"href":"https:\/\/24formosa.com.ar\/index.php?rest_route=\/wp\/v2\/posts\/1535","targetHints":{"allow":["GET"]}}],"collection":[{"href":"https:\/\/24formosa.com.ar\/index.php?rest_route=\/wp\/v2\/posts"}],"about":[{"href":"https:\/\/24formosa.com.ar\/index.php?rest_route=\/wp\/v2\/types\/post"}],"author":[{"embeddable":true,"href":"https:\/\/24formosa.com.ar\/index.php?rest_route=\/wp\/v2\/users\/3"}],"replies":[{"embeddable":true,"href":"https:\/\/24formosa.com.ar\/index.php?rest_route=%2Fwp%2Fv2%2Fcomments&post=1535"}],"version-history":[{"count":1,"href":"https:\/\/24formosa.com.ar\/index.php?rest_route=\/wp\/v2\/posts\/1535\/revisions"}],"predecessor-version":[{"id":52289,"href":"https:\/\/24formosa.com.ar\/index.php?rest_route=\/wp\/v2\/posts\/1535\/revisions\/52289"}],"wp:featuredmedia":[{"embeddable":true,"href":"https:\/\/24formosa.com.ar\/index.php?rest_route=\/wp\/v2\/media\/1536"}],"wp:attachment":[{"href":"https:\/\/24formosa.com.ar\/index.php?rest_route=%2Fwp%2Fv2%2Fmedia&parent=1535"}],"wp:term":[{"taxonomy":"category","embeddable":true,"href":"https:\/\/24formosa.com.ar\/index.php?rest_route=%2Fwp%2Fv2%2Fcategories&post=1535"},{"taxonomy":"post_tag","embeddable":true,"href":"https:\/\/24formosa.com.ar\/index.php?rest_route=%2Fwp%2Fv2%2Ftags&post=1535"}],"curies":[{"name":"wp","href":"https:\/\/api.w.org\/{rel}","templated":true}]}}