{"id":1529,"date":"2014-12-22T09:19:34","date_gmt":"2014-12-22T12:19:34","guid":{"rendered":"https:\/\/24formosa.com.ar\/?p=1529"},"modified":"2023-01-16T11:31:35","modified_gmt":"2023-01-16T14:31:35","slug":"establecen-el-periodo-de-receso-administrativo","status":"publish","type":"post","link":"https:\/\/24formosa.com.ar\/?p=1529","title":{"rendered":"Establecen el per\u00edodo de receso administrativo"},"content":{"rendered":"<p style=\"text-align: justify;\">El rector de la Universidad Nacional de Formosa (UNaF), el ingeniero Mart\u00edn Romano, resolvi\u00f3 determinar que el per\u00edodo de receso administrativo en todo el \u00e1mbito de la casa de altos estudios, que incluye a las unidades acad\u00e9micas y dependencias del Rectorado, comenzar\u00e1 el 2 de enero y se extender\u00e1 hasta el 7 de febrero de 2015 inclusive.<br \/>\nAdem\u00e1s resolvi\u00f3 el cierre de la Mesa de Entradas, Salidas y Archivo del Rectorado desde el d\u00eda 19 de diciembre de este a\u00f1o y hasta el 7 de febrero de 2015.<br \/>\nLa medida est\u00e1 contenida en la Resoluci\u00f3n N\u00ba 1546 con fecha del 11 de diciembre de 2014 y establece que el personal retorne a sus tareas habituales una vez finalizada la licencia anual reglamentaria que por antig\u00fcedad y en el marco de la normativa vigente en la materia pudiera corresponder.<br \/>\nTambi\u00e9n instaura que durante el per\u00edodo del 19 de diciembre de este a\u00f1o al 7 de febrero del pr\u00f3ximo quedar\u00e1n suspendidas las tramitaciones y diligencias de expedientes y consecuentemente se interrumpir\u00e1n los plazos legales establecidos en las distintas reglamentaciones o disposiciones aplicables en el \u00e1mbito de la UNaF.<br \/>\nAfirma que en el mismo lapso quedan suspendidos los t\u00e9rminos para la interposici\u00f3n de recursos administrativos, como la sustanciaci\u00f3n de los sumarios administrativos e informaciones sumarias, actuaciones correspondientes a los juicios acad\u00e9micos que est\u00e1n en curso y todas otras cuestiones que requieran de resoluci\u00f3n en el \u00e1mbito de la UNaF.<br \/>\nPor \u00faltimo, establece que la Secretar\u00eda General de Gerencia y Desarrollo continuar\u00e1 con sus tareas habituales hasta la finalizaci\u00f3n y presentaci\u00f3n del cierre de ejercicio y el balance general.<\/p>\n","protected":false},"excerpt":{"rendered":"<p>El rector de la Universidad Nacional de Formosa (UNaF), el ingeniero Mart\u00edn Romano, resolvi\u00f3 determinar<\/p>\n","protected":false},"author":3,"featured_media":1191,"comment_status":"open","ping_status":"open","sticky":false,"template":"","format":"standard","meta":{"footnotes":""},"categories":[1],"tags":[],"class_list":["post-1529","post","type-post","status-publish","format-standard","has-post-thumbnail","hentry","category-noticias"],"_links":{"self":[{"href":"https:\/\/24formosa.com.ar\/index.php?rest_route=\/wp\/v2\/posts\/1529","targetHints":{"allow":["GET"]}}],"collection":[{"href":"https:\/\/24formosa.com.ar\/index.php?rest_route=\/wp\/v2\/posts"}],"about":[{"href":"https:\/\/24formosa.com.ar\/index.php?rest_route=\/wp\/v2\/types\/post"}],"author":[{"embeddable":true,"href":"https:\/\/24formosa.com.ar\/index.php?rest_route=\/wp\/v2\/users\/3"}],"replies":[{"embeddable":true,"href":"https:\/\/24formosa.com.ar\/index.php?rest_route=%2Fwp%2Fv2%2Fcomments&post=1529"}],"version-history":[{"count":1,"href":"https:\/\/24formosa.com.ar\/index.php?rest_route=\/wp\/v2\/posts\/1529\/revisions"}],"predecessor-version":[{"id":49018,"href":"https:\/\/24formosa.com.ar\/index.php?rest_route=\/wp\/v2\/posts\/1529\/revisions\/49018"}],"wp:featuredmedia":[{"embeddable":true,"href":"https:\/\/24formosa.com.ar\/index.php?rest_route=\/wp\/v2\/media\/1191"}],"wp:attachment":[{"href":"https:\/\/24formosa.com.ar\/index.php?rest_route=%2Fwp%2Fv2%2Fmedia&parent=1529"}],"wp:term":[{"taxonomy":"category","embeddable":true,"href":"https:\/\/24formosa.com.ar\/index.php?rest_route=%2Fwp%2Fv2%2Fcategories&post=1529"},{"taxonomy":"post_tag","embeddable":true,"href":"https:\/\/24formosa.com.ar\/index.php?rest_route=%2Fwp%2Fv2%2Ftags&post=1529"}],"curies":[{"name":"wp","href":"https:\/\/api.w.org\/{rel}","templated":true}]}}