{"id":1524,"date":"2014-12-22T09:15:00","date_gmt":"2014-12-22T12:15:00","guid":{"rendered":"https:\/\/24formosa.com.ar\/?p=1524"},"modified":"2023-01-16T11:31:35","modified_gmt":"2023-01-16T14:31:35","slug":"los-centros-de-desarrollo-infantil-no-cerraran-en-vacaciones","status":"publish","type":"post","link":"https:\/\/24formosa.com.ar\/?p=1524","title":{"rendered":"Los Centros de Desarrollo Infantil no cerrar\u00e1n en vacaciones"},"content":{"rendered":"<p style=\"text-align: justify;\">As\u00ed lo confirm\u00f3 el ministro de la Comunidad, Tel\u00e9sforo Villalba, durante el muestreo de actividades del a\u00f1o 2014 de los Centros de Desarrollo Infantil (CDI), realizado en las instalaciones del Galp\u00f3n G del Paseo Costanero, donde se congregaron todos los CDI de la capital y del interior para compartir sus experiencias y despedir el a\u00f1o con cantos, bailes, representaciones y el tradicional pesebre viviente.<br \/>\nEn ese marco el funcionario provincial inst\u00f3 a los presentes a que no cierren las puertas de los CDI durante el verano ya que \u201chay muchos padres que trabajan durante este periodo y necesitan de la mano solidaria del Estado formose\u00f1o para el cuidado de sus hijos. Es por ello que les pido a las promotoras educativas comunitarias (PEC) que contin\u00faen con su gran trabajo, entre todos nos podemos ayudar y as\u00ed hacer m\u00e1s f\u00e1cil el trabajo de todos\u201d, remarc\u00f3 Villalba.<br \/>\n\u201cBusquemos la manera de que cuando salga una de vacaciones ese espacio quede cubierto por otra compa\u00f1ero y a la vuelta de esta suceda los mismo, porque el servicio que se brinda es muy importante y para muchos formose\u00f1os nuestro trabajo es fundamental, es por ello que les digo que no vamos a cerrar los CDI en vacaciones y les pido su colaboraci\u00f3n en todo y apelo al amor que tienen por los ni\u00f1os que a diario para cumplir con esta tarea\u201d, solicit\u00f3 el Ministro a las PEC.<br \/>\nPor otra parte mencion\u00f3 que a pesar de que las vacaciones llagan nada cambar\u00e1 en los CDI, \u201crecordemos que la responsabilidad de salvaguardar la integridad f\u00edsica de ni\u00f1os formose\u00f1os y como parte de este gobierno de inclusi\u00f3n tenemos la responsabilidad de brindarles todas las herramientas necesarias para su desarrollo. Por ello en cada uno de estos espacios se les continuar\u00e1 brindando una buena alimentaci\u00f3n, todos los cuidados de la salud que sean necesarios, recreaci\u00f3n, estimulaci\u00f3n temprana y el aprendizaje a trav\u00e9s de la lectura\u201d.<br \/>\nTuvo un p\u00e1rrafo aparte para la PEC ya que destac\u00f3 el trabajo que realizan las operadoras de los Centros de Desarrollo Infantil porque son ellas las personas en quienes los padres depositan su confianza al entregarles sus hijos para su cuidado. \u201cNo es un trabajo f\u00e1cil pero queda demostrado d\u00eda a d\u00eda el compromiso que tienen el amor que les brindan a cada uno de los ni\u00f1os que asisten a diaria a los CDI\u201d, explic\u00f3 el ministro de la Comunidad.<\/p>\n<p style=\"text-align: justify;\"><strong>Almuerzo de fin de a\u00f1o<\/strong><\/p>\n<p style=\"text-align: justify;\">Adem\u00e1s por 3\u00ba a\u00f1o consecutivo el Ministerio de la Comunidad realiz\u00f3 un almuerzo para todos los trabajadores, y su familia, donde se vivi\u00f3 una verdadera fiesta de compa\u00f1erismo y amistad. El evento tuvo lugar en las instalaciones del Club Sarmiento y no falt\u00f3 ning\u00fan ingrediente para que todo sea una verdadera jornada festiva. Hubo reconocimientos especiales al personal con m\u00e1s de 40 a\u00f1os al servicio de la administraci\u00f3n p\u00fablica, un centenar de sorteos, m\u00fasica en vivo, a cargo de Los Continuados y otras atracciones que le dieron el marco a esta fiesta que ya es tradicional en la familia del Ministerio de la Comunidad.<\/p>\n<p style=\"text-align: justify;\">En ese sentido el Ministro de la Comunidad, Tel\u00e9sforo Villalba, agradeci\u00f3 la presencia de todos los presentes, augur\u00e1ndoles una feliz navidad y un pr\u00f3spero a\u00f1o nuevo, ya que \u201ceste 2015 se presenta con nuevos desaf\u00edos pero que est\u00e1 m\u00e1s que seguro que con el acompa\u00f1amiento y el trabajo de todos el proyecto de provincia, encabezado por el Gobernador Gildo Insfr\u00e1n, est\u00e1 m\u00e1s que asegurado\u201d, finaliz\u00f3.<\/p>\n","protected":false},"excerpt":{"rendered":"<p>As\u00ed lo confirm\u00f3 el ministro de la Comunidad, Tel\u00e9sforo Villalba, durante el muestreo de actividades<\/p>\n","protected":false},"author":3,"featured_media":1526,"comment_status":"open","ping_status":"open","sticky":false,"template":"","format":"standard","meta":{"footnotes":""},"categories":[1],"tags":[],"class_list":["post-1524","post","type-post","status-publish","format-standard","has-post-thumbnail","hentry","category-noticias"],"_links":{"self":[{"href":"https:\/\/24formosa.com.ar\/index.php?rest_route=\/wp\/v2\/posts\/1524","targetHints":{"allow":["GET"]}}],"collection":[{"href":"https:\/\/24formosa.com.ar\/index.php?rest_route=\/wp\/v2\/posts"}],"about":[{"href":"https:\/\/24formosa.com.ar\/index.php?rest_route=\/wp\/v2\/types\/post"}],"author":[{"embeddable":true,"href":"https:\/\/24formosa.com.ar\/index.php?rest_route=\/wp\/v2\/users\/3"}],"replies":[{"embeddable":true,"href":"https:\/\/24formosa.com.ar\/index.php?rest_route=%2Fwp%2Fv2%2Fcomments&post=1524"}],"version-history":[{"count":1,"href":"https:\/\/24formosa.com.ar\/index.php?rest_route=\/wp\/v2\/posts\/1524\/revisions"}],"predecessor-version":[{"id":49019,"href":"https:\/\/24formosa.com.ar\/index.php?rest_route=\/wp\/v2\/posts\/1524\/revisions\/49019"}],"wp:featuredmedia":[{"embeddable":true,"href":"https:\/\/24formosa.com.ar\/index.php?rest_route=\/wp\/v2\/media\/1526"}],"wp:attachment":[{"href":"https:\/\/24formosa.com.ar\/index.php?rest_route=%2Fwp%2Fv2%2Fmedia&parent=1524"}],"wp:term":[{"taxonomy":"category","embeddable":true,"href":"https:\/\/24formosa.com.ar\/index.php?rest_route=%2Fwp%2Fv2%2Fcategories&post=1524"},{"taxonomy":"post_tag","embeddable":true,"href":"https:\/\/24formosa.com.ar\/index.php?rest_route=%2Fwp%2Fv2%2Ftags&post=1524"}],"curies":[{"name":"wp","href":"https:\/\/api.w.org\/{rel}","templated":true}]}}