{"id":1513,"date":"2014-12-20T22:11:34","date_gmt":"2014-12-21T01:11:34","guid":{"rendered":"https:\/\/24formosa.com.ar\/?p=1513"},"modified":"2023-01-16T11:47:57","modified_gmt":"2023-01-16T14:47:57","slug":"el-gobernador-presidio-acto-de-egresados-de-oficiales-policiales","status":"publish","type":"post","link":"https:\/\/24formosa.com.ar\/?p=1513","title":{"rendered":"El gobernador presidi\u00f3 acto de egresados de oficiales policiales"},"content":{"rendered":"<p style=\"text-align: justify;\">El gobernador Gildo Insfr\u00e1n presidi\u00f3 en la tarde-noche el acto de egresados de la 37\u00b0 promoci\u00f3n de oficiales de la Polic\u00eda Provincial y 5\u00b0 de t\u00e9cnicos en seguridad p\u00fablica que se realizo en el Instituto Superior de Formaci\u00f3n Policial.<\/p>\n<p style=\"text-align: justify;\">Se trat\u00f3 de la trig\u00e9sima s\u00e9ptima promoci\u00f3n de oficiales ayudantes y quinta de T\u00e9cnico Superior en Seguridad P\u00fablica (59 j\u00f3venes oficiales), cuyos egresados recibieron sus sables y despachos que los acredita haber sido promovidos del Instituto Superior de Formaci\u00f3n Policial.<\/p>\n<p style=\"text-align: justify;\">Entre las autoridades se cont\u00f3 el vicegobernador Floro Bogado, el ministro del STJ, Marcos Bruno Quinteros, el ministro Jefe de Gabinete, Antonio Ferreira, el intendente Fernando De Vido, ministros del PEP, entre ellos el de Gobierno, Justicia, Seguridad y Trabajo, Jorge Abel Gonz\u00e1lez, el jefe policial, comisario general Juan Bernab\u00e9 Escobar, autoridades de los dem\u00e1s poderes del Estado, y familiares de los flamantes oficiales, formaron parte de la emotiva ceremonia.<\/p>\n<p style=\"text-align: justify;\">Luego del cambio de abanderados del ISFP ante el nuevo periodo lectivo, Tras la bendici\u00f3n de sables, despachos y medallas a cargo del capell\u00e1n policial, estos que son los \u201catributos de la misi\u00f3n policial\u201d, fueron puestos en manos de cada uno de los flamantes egresados, adem\u00e1s de distinguirse individualmente a los m\u00e1s destacados en diferentes aptitudes en esta fase de entrenamiento y formaci\u00f3n acad\u00e9mica.<\/p>\n<p style=\"text-align: justify;\">Asimismo, se entregaron los premios instituidos a quienes durante su formaci\u00f3n se destacaron en diferentes aptitudes, desde los mejores promedios, conducta, y en aspectos vinculados a la camarader\u00eda, dedicaci\u00f3n y disciplina y en su car\u00e1cter policial.<\/p>\n<p style=\"text-align: justify;\"><strong>Gonz\u00e1lez<\/strong><\/p>\n<p style=\"text-align: justify;\">El ministro de Gobierno, Jorge Abel Gonzalez, destaco el servicio que ya han cumplido cuando cadetes siendo solidarios con la comunidad en momentos de emergencia clim\u00e1tica como el tornado en G\u00fcemes y las inundaciones recientes en esta ciudad, Al mismo tiempo los alent\u00f3 a ejercer la funci\u00f3n policial con la obligaci\u00f3n \u00e9tica que da el ejercicio moral que concibe valores que les han inculcado en la familia, la comunidad y en este ISFP<\/p>\n<p style=\"text-align: justify;\">Les advirti\u00f3 asimismo de sectores, que \u201cpor ejemplo desde el pseudo periodismo, intentaran atacar la labor de ustedes, trataran de desmoralizarlos, de desanimarlos y entristecerlos\u201d, para marcar que el pueblo formose\u00f1o invirti\u00f3 muchos en cada uno de ellos, no hablamos de lo meramente econ\u00f3mico sino en una formaci\u00f3n integral, que ahora ustedes deben devolver brind\u00e1ndose por la comunidad.<\/p>\n<p style=\"text-align: justify;\">Por su parte, el director del Instituto Policial, comisario inspector Traianon, expuso acerca de que \u201clos tiempos que corren hacen que la pol\u00edtica en seguridad p\u00fablica se vaya redefiniendo permanentemente, lo que nos predispone y tambi\u00e9n nos obliga a encarar una formaci\u00f3n continua y as\u00ed estar a la altura de las circunstancias\u201d.<\/p>\n<p style=\"text-align: justify;\">\u201cPor ello generamos un proceso educativo enarcado desde la visi\u00f3n del modelo formose\u00f1o como gu\u00eda para encontrar el camino de realizaci\u00f3n colectiva, entendiendo que en esta comunidad organizada la seguridad se corporiza con acciones concretas en beneficio a sus directos destinatarios que no son otros que quienes habitan este bendito suelo formose\u00f1o\u201d, afirmo.<\/p>\n<p style=\"text-align: justify;\">Dijo que \u201ccomprendemos que la intenci\u00f3n en s\u00ed misma no basta si no la acompa\u00f1amos con hechos. Por eso destacamos el decidido impulso del se\u00f1or gobernador Gildo Insfran de establecer a trav\u00e9s de las pol\u00edticas p\u00fablicas la profundizaci\u00f3n de la calidad educativa, reconoci\u00e9ndola como un hecho y derecho social\u201d.<\/p>\n<p style=\"text-align: justify;\">Marco el \u201cdesarrollo de tecnolog\u00eda y el conocimiento con criterios de equidad en el marco de una conciencia nacional, popular, humanista y cristiana\u201d.<\/p>\n","protected":false},"excerpt":{"rendered":"<p>El gobernador Gildo Insfr\u00e1n presidi\u00f3 en la tarde-noche el acto de egresados de la 37\u00b0<\/p>\n","protected":false},"author":3,"featured_media":1514,"comment_status":"open","ping_status":"open","sticky":false,"template":"","format":"standard","meta":{"footnotes":""},"categories":[1],"tags":[],"class_list":["post-1513","post","type-post","status-publish","format-standard","has-post-thumbnail","hentry","category-noticias"],"_links":{"self":[{"href":"https:\/\/24formosa.com.ar\/index.php?rest_route=\/wp\/v2\/posts\/1513","targetHints":{"allow":["GET"]}}],"collection":[{"href":"https:\/\/24formosa.com.ar\/index.php?rest_route=\/wp\/v2\/posts"}],"about":[{"href":"https:\/\/24formosa.com.ar\/index.php?rest_route=\/wp\/v2\/types\/post"}],"author":[{"embeddable":true,"href":"https:\/\/24formosa.com.ar\/index.php?rest_route=\/wp\/v2\/users\/3"}],"replies":[{"embeddable":true,"href":"https:\/\/24formosa.com.ar\/index.php?rest_route=%2Fwp%2Fv2%2Fcomments&post=1513"}],"version-history":[{"count":1,"href":"https:\/\/24formosa.com.ar\/index.php?rest_route=\/wp\/v2\/posts\/1513\/revisions"}],"predecessor-version":[{"id":52291,"href":"https:\/\/24formosa.com.ar\/index.php?rest_route=\/wp\/v2\/posts\/1513\/revisions\/52291"}],"wp:featuredmedia":[{"embeddable":true,"href":"https:\/\/24formosa.com.ar\/index.php?rest_route=\/wp\/v2\/media\/1514"}],"wp:attachment":[{"href":"https:\/\/24formosa.com.ar\/index.php?rest_route=%2Fwp%2Fv2%2Fmedia&parent=1513"}],"wp:term":[{"taxonomy":"category","embeddable":true,"href":"https:\/\/24formosa.com.ar\/index.php?rest_route=%2Fwp%2Fv2%2Fcategories&post=1513"},{"taxonomy":"post_tag","embeddable":true,"href":"https:\/\/24formosa.com.ar\/index.php?rest_route=%2Fwp%2Fv2%2Ftags&post=1513"}],"curies":[{"name":"wp","href":"https:\/\/api.w.org\/{rel}","templated":true}]}}