{"id":1510,"date":"2014-12-20T21:57:47","date_gmt":"2014-12-21T00:57:47","guid":{"rendered":"https:\/\/24formosa.com.ar\/?p=1510"},"modified":"2023-01-16T11:47:58","modified_gmt":"2023-01-16T14:47:58","slug":"insfran-dispuso-licitacion-de-la-obra-civil-del-centro-de-medicina-nuclear-y-radioterapia","status":"publish","type":"post","link":"https:\/\/24formosa.com.ar\/?p=1510","title":{"rendered":"Insfr\u00e1n dispuso licitaci\u00f3n de la obra civil del Centro de Medicina Nuclear y Radioterapia"},"content":{"rendered":"<p style=\"text-align: justify;\">La instituci\u00f3n m\u00e9dica cient\u00edfica ser\u00e1 la m\u00e1s moderna a nivel nacional como regional y permitir\u00e1 el diagn\u00f3stico y tratamiento en \u00e1reas de cardiolog\u00eda, neurolog\u00eda y oncolog\u00eda.<\/p>\n<p style=\"text-align: justify;\">El gobernador Gildo Insfr\u00e1n decidi\u00f3 realizar el llamado a licitaci\u00f3n para la construcci\u00f3n del Centro de Medicina Nuclear y Radioterapia que estar\u00e1 ubicado en esta capital, integrado al Hospital de Alta Complejidad \u201cPte. Juan Domingo Per\u00f3n\u201d. Con respecto a los equipos que formar\u00e1n parte del Centro de Medicina nuclear ya se ha realizado la adjudicaci\u00f3n para la adquisici\u00f3n de un Tom\u00f3grafo por Emisi\u00f3n de Positrones (PET\/CT), Ciclotr\u00f3n (acelerador de iones de protones) y Radio farmacia (laboratorio de radio farmacia). En cuanto a que los equipos de Radioterapia -que se componen del Acelerador Lineal y Braquiterapia- se est\u00e1n analizando las ofertas presentadas por las empresas que desarrollan esta tecnolog\u00eda, a fin que una vez terminada la obra civil r\u00e1pidamente el centro estar\u00e1 en funcionamiento.<\/p>\n<p style=\"text-align: justify;\">As\u00ed lo revel\u00f3 el ministro de Econom\u00eda, Hacienda y Finanzas, Jorge Iba\u00f1ez, a la vez que inform\u00f3 sobre la intenci\u00f3n del gobernador respecto a que se aceleren los tiempos a fin que de no mediar imponderables, la instituci\u00f3n m\u00e9dica cient\u00edfica comience a operar a fines del a\u00f1o pr\u00f3ximo y ser\u00e1 el m\u00e1s moderno del pa\u00eds y la regi\u00f3n en lo que hace a gesti\u00f3n estatal, resalt\u00f3.<br \/>\nPor su parte el ministro de Desarrollo Humano, Jos\u00e9 Luis D\u00e9cima, explic\u00f3 que la determinaci\u00f3n de contar con un establecimiento de esta complejidad surgi\u00f3 tras el convenio que el gobernador suscribi\u00f3 con la presidenta de la Comisi\u00f3n Nacional de Energ\u00eda At\u00f3mica, organismo que depende del Ministerio de Planificaci\u00f3n, Inversi\u00f3n P\u00fablica y Servicios de la Naci\u00f3n el 10 y el 28 de julio pasado.<\/p>\n<p style=\"text-align: justify;\">Esos acuerdos propician la instalaci\u00f3n del Centro de Medicina Nuclear y Radioterapia que permitir\u00e1 encarar el diagn\u00f3stico en \u00e1reas de cardiolog\u00eda, neurolog\u00eda y oncolog\u00eda, como as\u00ed tambi\u00e9n el tratamiento de pacientes con equipamiento de primer nivel, apunt\u00f3.<\/p>\n<p style=\"text-align: justify;\">\u201cEste Centro, \u00fanico en su tipo a nivel nacional y de pa\u00edses de la regi\u00f3n estar\u00e1 a disposici\u00f3n de la comunidad formose\u00f1a de provincias y de los pa\u00edses vecinos, lo cual pone en evidencia que el Modelo Formose\u00f1o no solamente es inclusivo sino fuertemente solidario. Tambi\u00e9n revela la decisi\u00f3n pol\u00edtica planificada del gobernador al contar con la materia prima para el funcionamiento de estos equipos m\u00e9dicos desde la planta a instalarse en el Polo Cient\u00edfico y Tecnol\u00f3gico\u201d, remarc\u00f3 D\u00e9cima.<\/p>\n<p style=\"text-align: justify;\"><strong>Plan Nuclear<\/strong><\/p>\n<p style=\"text-align: justify;\">\u201cDe esta manera Formosa ser\u00e1 integrante del Plan Nuclear Argentino y se convertir\u00e1 en punto de referencia a nivel nacional e internacional en medicina nuclear, creando no s\u00f3lo la infraestructura y los servicios necesarios para tal fin, sino tambi\u00e9n siendo parte de una red de excelencia en el diagn\u00f3stico y tratamiento oncol\u00f3gico, entre otras tantas posibilidades que brindar\u00e1 mayores est\u00e1ndares de calidad de vida para las personas y la comunidad\u201d, insisti\u00f3 el titular Desarrollo Humano.<\/p>\n<p style=\"text-align: justify;\">Mencion\u00f3 D\u00e9cima que el Centro de Medicina Nuclear que funcionar\u00e1 en Formosa \u201cviene a integrar y fortalecer el nivel m\u00e1s alto en el proceso de atenci\u00f3n primaria de la salud aportando una tecnolog\u00eda de punta y de avanzada para la prevenci\u00f3n, el tratamiento, la investigaci\u00f3n y la docencia en la materia\u201d.<\/p>\n<p style=\"text-align: justify;\">Seguidamente indic\u00f3 que \u201cun centro de estas caracter\u00edsticas pondr\u00e1 a disposici\u00f3n de la poblaci\u00f3n servicios m\u00e9dicos \u00fanicos en \u00e9ste tipo en la regi\u00f3n y permitir\u00e1 llevar adelante desarrollos de vanguardia contribuyendo tambi\u00e9n a la formaci\u00f3n de profesionales especializados en distintas disciplinas\u201d.<\/p>\n<p style=\"text-align: justify;\">\u201cAdem\u00e1s \u2013recalc\u00f3- en el \u00e1rea de oncolog\u00eda con las acciones que se desarrollar\u00e1n en el centro de medicina nuclear se espera una disminuci\u00f3n en la mortalidad a trav\u00e9s de un diagn\u00f3stico temprano, al ser el c\u00e1ncer la segunda causa de muerte en la regi\u00f3n NEA\u201d, enfatiz\u00f3 D\u00e9cima.<\/p>\n<p style=\"text-align: justify;\"><strong>Edificio y equipamiento<\/strong><\/p>\n<p style=\"text-align: justify;\">Seguidamente se\u00f1al\u00f3 Iba\u00f1ez que el nuevo edificio se construir\u00e1 en el contrafrente del Hospital de Alta Complejidad \u201cPte. Juan D. Per\u00f3n\u201d, sobre la calle Corrientes, formando parte de \u201cun conjunto de ampliaciones planificadas para alcanzar la m\u00e1s alta complejidad m\u00e9dica en dicho hospital, bajo las normativas de la CNEA, ARN y ANMAT, con la m\u00e1s alta tecnolog\u00eda disponible a escala mundial, posicion\u00e1ndose como referente a escala Nacional y del NEA para el tratamiento integral de todas las patolog\u00edas oncol\u00f3gicas\u201d, precis\u00f3.<\/p>\n<p style=\"text-align: justify;\">Dijo que el Centro de Medicina Nuclear y Radiofarmacia, constar\u00e1 de un volumen subdividido en tres niveles: Planta Baja, Entrepiso T\u00e9cnico y 1\u00ba Piso, m\u00e1s otro espacio independiente como apoyo para Sala de M\u00e1quinas y Centro de Potencias.<\/p>\n<p style=\"text-align: justify;\">Detall\u00f3 que el edificio principal consta de dos accesos laterales, perpendiculares a la calle Corrientes, uno en cada lateral y una circulaci\u00f3n posterior longitudinal, colectora de los distintos servicios del Alta, con acometidas a las circulaciones existentes. Esta colectora se completar\u00e1 con otros servicios en un futuro pr\u00f3ximo, por lo que solo ser\u00e1 cubierta como espacio cerrado, la circulaci\u00f3n que comprende solamente la construcci\u00f3n nueva, hacia ambos laterales, longitudinalmente, solo quedar\u00e1 la circulaci\u00f3n con una vereda descubierta, especific\u00f3.<\/p>\n<p style=\"text-align: justify;\">Frente al sector de Bunkers se localizar\u00e1 el estacionamiento semicubierto y hacia la calle, rampas de acceso vehicular y estacionamiento descubierto, con cerco met\u00e1lico perimetral, dijo.<\/p>\n<p style=\"text-align: justify;\">\u201cSi bien es una construcci\u00f3n compacta de un \u00fanico volumen, se planificaron las distintas funciones fuertemente diferenciadas entre s\u00ed\u201d, defini\u00f3.<\/p>\n<p style=\"text-align: justify;\"><strong>Funcionamiento<\/strong><\/p>\n<p style=\"text-align: justify;\">Respecto a los equipos el ministro D\u00e9cima puntualiz\u00f3 que \u201cel Centro de Medicina Nuclear, dispondr\u00e1 de un Ciclotr\u00f3n Auto blindado, destinado a la producci\u00f3n de Radio is\u00f3topos, insumos indispensables para el diagn\u00f3stico preciso y tratamiento de tumores y para investigaci\u00f3n\u201d.<\/p>\n<p style=\"text-align: justify;\">Explic\u00f3 que \u201cla producci\u00f3n del Ciclotr\u00f3n pasa a trav\u00e9s de Celdas diferenciadas por cada radio is\u00f3topo distinto, hacia la Radiofarmacia, donde son elaborados y trasvasados hacia los laboratorios de investigaci\u00f3n, de control de calidad, hacia los inyectorios a trav\u00e9s de una c\u00e1mara caliente, en dichos locales se inyectan los radiois\u00f3topos a los pacientes que ser\u00e1n estudiados para su diagn\u00f3stico en el PET\/CT, que es un tom\u00f3grafo dual, como emisor de positrones para focalizar tumores y como un tom\u00f3grafo computado convencional\u201d, especific\u00f3.<\/p>\n<p style=\"text-align: justify;\">Agreg\u00f3 que tambi\u00e9n desde la radiofarmacia, se distribuyen para otros centros de medicina nuclear, la producci\u00f3n de radiois\u00f3topos de corta duraci\u00f3n.<\/p>\n<p style=\"text-align: justify;\">El Centro de Radioterapia, dispone de consultorios de la especialidad, de un tom\u00f3grafo computado para la simulaci\u00f3n de procedimientos y fantomas, dos bunkers para aceleradores lineales de tratamiento de tumores, con alt\u00edsima precisi\u00f3n y de otro bunker para braquiterapia, donde se desarrollan pr\u00e1cticas intervencionistas, afirm\u00f3 D\u00e9cima.<\/p>\n<p style=\"text-align: justify;\">A\u00f1adi\u00f3 el funcionario que el conjunto edilicio se completa con un entrepiso t\u00e9cnico, para unidades de tratamiento de aire y filtrados de aire con descontaminaci\u00f3n como control del medio ambiente (100% del aire que va al exterior es filtrado) y adem\u00e1s en un primer piso se proyect\u00f3 espacios para m\u00e9dicos residentes y un centro de investigaci\u00f3n.<\/p>\n<p style=\"text-align: justify;\">Como \u00e1reas complementarias se ampliar\u00e1 la sala de m\u00e1quinas del hospital, zonas para estacionamiento y accesos independientes, afirm\u00f3.<\/p>\n<p style=\"text-align: justify;\">Por \u00faltimo, el ministro reiter\u00f3 \u201cla decisi\u00f3n pol\u00edtica del gobernador Gildo Insfr\u00e1n que se plasman en las medidas que tienden al bienestar de la comunidad en el marco del Modelo Formose\u00f1o. Es en ese contexto de planificaci\u00f3n y organizaci\u00f3n de una gesti\u00f3n la comunidad formose\u00f1a tendr\u00e1 acceso a los m\u00e1s altos avances de la tecnolog\u00eda m\u00e9dica y cient\u00edfica\u201d, concluy\u00f3.<\/p>\n","protected":false},"excerpt":{"rendered":"<p>La instituci\u00f3n m\u00e9dica cient\u00edfica ser\u00e1 la m\u00e1s moderna a nivel nacional como regional y permitir\u00e1<\/p>\n","protected":false},"author":3,"featured_media":1511,"comment_status":"open","ping_status":"open","sticky":false,"template":"","format":"standard","meta":{"footnotes":""},"categories":[1],"tags":[],"class_list":["post-1510","post","type-post","status-publish","format-standard","has-post-thumbnail","hentry","category-noticias"],"_links":{"self":[{"href":"https:\/\/24formosa.com.ar\/index.php?rest_route=\/wp\/v2\/posts\/1510","targetHints":{"allow":["GET"]}}],"collection":[{"href":"https:\/\/24formosa.com.ar\/index.php?rest_route=\/wp\/v2\/posts"}],"about":[{"href":"https:\/\/24formosa.com.ar\/index.php?rest_route=\/wp\/v2\/types\/post"}],"author":[{"embeddable":true,"href":"https:\/\/24formosa.com.ar\/index.php?rest_route=\/wp\/v2\/users\/3"}],"replies":[{"embeddable":true,"href":"https:\/\/24formosa.com.ar\/index.php?rest_route=%2Fwp%2Fv2%2Fcomments&post=1510"}],"version-history":[{"count":1,"href":"https:\/\/24formosa.com.ar\/index.php?rest_route=\/wp\/v2\/posts\/1510\/revisions"}],"predecessor-version":[{"id":52292,"href":"https:\/\/24formosa.com.ar\/index.php?rest_route=\/wp\/v2\/posts\/1510\/revisions\/52292"}],"wp:featuredmedia":[{"embeddable":true,"href":"https:\/\/24formosa.com.ar\/index.php?rest_route=\/wp\/v2\/media\/1511"}],"wp:attachment":[{"href":"https:\/\/24formosa.com.ar\/index.php?rest_route=%2Fwp%2Fv2%2Fmedia&parent=1510"}],"wp:term":[{"taxonomy":"category","embeddable":true,"href":"https:\/\/24formosa.com.ar\/index.php?rest_route=%2Fwp%2Fv2%2Fcategories&post=1510"},{"taxonomy":"post_tag","embeddable":true,"href":"https:\/\/24formosa.com.ar\/index.php?rest_route=%2Fwp%2Fv2%2Ftags&post=1510"}],"curies":[{"name":"wp","href":"https:\/\/api.w.org\/{rel}","templated":true}]}}