{"id":1507,"date":"2014-12-20T21:49:02","date_gmt":"2014-12-21T00:49:02","guid":{"rendered":"https:\/\/24formosa.com.ar\/?p=1507"},"modified":"2023-01-16T11:47:58","modified_gmt":"2023-01-16T14:47:58","slug":"propietarios-inician-mudanza-al-barrio-nueva-formosa","status":"publish","type":"post","link":"https:\/\/24formosa.com.ar\/?p=1507","title":{"rendered":"Propietarios inician mudanza al barrio Nueva Formosa"},"content":{"rendered":"<p style=\"text-align: justify;\">Un s\u00e1bado donde los nuevos proyectos de vida cobraban forma concreta en medio de la emoci\u00f3n por la casa propia, que dijeron coincidentes les daba \u201cuna identidad familiar por tener una direcci\u00f3n definitiva\u201d, se vivieron ayer desde horas tempranas entre los flamantes propietarios en el barrio Nueva Formosa.<\/p>\n<p style=\"text-align: justify;\">Es que tras la entrega de llaves y t\u00edtulos a 400 adjudicatarios el d\u00eda viernes en el marco de una ceremonia presidida por el gobernador Gildo Insfran, la v\u00edspera fue el momento de iniciar la mudanza en muchos casos y en otros el reconocimiento del hogar para concretar la radicaci\u00f3n.<\/p>\n<p style=\"text-align: justify;\">Cada uno de los entrevistados mostro su agradecimiento hacia el primer mandatario formose\u00f1o e incluso hicieron suyo el sentir del vecino Collado mencionado por Insfran, quien cuando meses atr\u00e1s recibi\u00f3 las llaves de su casa, dijo que cuando iba a buscar trabajo y le preguntaban donde viv\u00eda advert\u00eda que no pod\u00eda responder cosa que si ocurre ahora porque puede nombrar el barrio, el lote y el numero de casa que habita. \u201cEso es inclusi\u00f3n social!\u201d.<\/p>\n<p style=\"text-align: justify;\">Mirna Beatriz Espinoza reconoci\u00f3 que el sue\u00f1o de la casa propia es el mayor anhelo de toda familia porque en ese espacio tiene la posibilidad de recrear el hogar. Adem\u00e1s, destaco que se cuenta en el lugar con todos los servicios esenciales as\u00ed como tambi\u00e9n calles pavimentadas y enripiadas y pondero la importancia que adquiere la transparencia que en el proceso de adjudicaciones adquiere el tr\u00e1mite del sorteo p\u00fablico de ubicaciones.<\/p>\n<p style=\"text-align: justify;\">Silvana Pintos, madre de tres ni\u00f1os, dijo este s\u00e1bado que \u201cestamos viviendo momentos \u00fanicos, buen\u00edsimos realmente por todo lo que hemos pasado en las \u00faltimas horas hasta llegar a esta ma\u00f1ana donde ingresamos a nuestras casas. Por fin dejamos el alquiler (resid\u00eda hace diez a\u00f1os arrendando en el barrio Don Bosco), que contentos est\u00e1n los chicos, porque saben que est\u00e1n en su casa, la que siempre so\u00f1amos y nos da una seguridad en todo\u201d.<\/p>\n<p style=\"text-align: justify;\">\u201cCon cuantas ilusiones estamos por pasar estas fiestas y comenzar el nuevo a\u00f1o. Mejor regalo no pod\u00edamos esperar, por lo que no se qu\u00e9 palabra elegir para agradecer al se\u00f1or gobernador (Gildo) Insfran\u201d, expuso, para concluir\u00a0exhortando a quienes aun esperan acceder a la vivienda, a que \u201ctengan esperanza, que el momento llega para todos\u201d.<\/p>\n<p style=\"text-align: justify;\">Marcelo Davis Delgado, junto a su esposa y un peque\u00f1o, sostuvo que \u201cdesde el jueves y ahora mucho mas no podemos terminar con los momentos de emoci\u00f3n, ya ese d\u00eda cuando se hizo el sorteo de la ubicaci\u00f3n y me entere del lugar vinimos a conocer nuestra casa. Yo hace 16 a\u00f1os que estaba inscripto en el IPV, y nunca perd\u00ed la fe, y ahora f\u00edjese, que Navidad, vino con que regalo, el mejor y m\u00e1s so\u00f1ado, la casa de uno y este gran patio para ampliar esos sue\u00f1os\u201d.<\/p>\n<p style=\"text-align: justify;\">Dijo que resid\u00eda en una domicilio que le hab\u00edan prestado en la zona del barrio Guadalupe, donde comento \u201csiempre hac\u00edamos planes para este momento, as\u00ed que ahora ya tambi\u00e9n hasta pensamos en la hermanita para mi hijo\u201d.<\/p>\n<p style=\"text-align: justify;\">\u00darsula Ram\u00edrez comento que a poco de recibir las llaves y el titulo vino junto a su marido y cinco hijos a conocer su casa, \u201cdonde todos salt\u00e1bamos de contentos y llor\u00e1bamos de la felicidad. En cuanto el d\u00eda jueves nos enteramos de la ubicaci\u00f3n que nos tocaba, mi hija mayor de 15 a\u00f1os comenz\u00f3 a empacar las primeras cosas y por supuesto la ansiedad nos fue invadiendo, por lo que ya estamos viniendo a ocupar nuestra casa\u201d.<\/p>\n<p style=\"text-align: justify;\">Aludi\u00f3 a que estaban alquilando desde hace diez a\u00f1os en el barrio San Pedro, y dado que su esposo es oficial alba\u00f1il, ya han estado planificado la ampliaci\u00f3n de la casa.<\/p>\n<p style=\"text-align: justify;\">Eduardo Jos\u00e9 Simarvi, junto a su esposa, cu\u00f1ada e hija conforman el grupo familiar, y estaban alquilando desde hace siete a\u00f1os, \u201cpero siempre ten\u00edamos fe y paciencia en que esto iba a llegar\u201d.<\/p>\n<p style=\"text-align: justify;\">\u201cEstamos en plena mudanza, ya no pod\u00edamos esperar m\u00e1s para venir a nuestro hogar. Estamos todos muy contentos y agradecidos con el se\u00f1or gobernador y toda la gente del IPV, que han hecho a muchas familias tremendamente felices y con las esperanzas renovadas\u201d, enfatiz\u00f3.<\/p>\n<p style=\"text-align: justify;\">Dijo que alquilaba una peque\u00f1a casa en barrio La Floresta, y \u201ceran tantas las ganas de iniciar una vida nueva que ya me estoy cambiando. Mas no pod\u00edamos pedir, tenemos todas las comodidades, y la casa adentro es impecable. Es todo perfecto. Junto a mi hija es lo mejor que me ha pasado en la vida, porque hasta nos da una identidad propia como familia que por fin tiene una direcci\u00f3n que realmente le pertenece\u201d.<\/p>\n<p style=\"text-align: justify;\">\u201cComienzan nuevos proyectos con el domicilio fijo y propio, as\u00ed que estamos esperando que conecten la luz y as\u00ed ya nos venimos a dormir la primera noche en nuestra casa\u201d, concluyo emocionado.<\/p>\n","protected":false},"excerpt":{"rendered":"<p>Un s\u00e1bado donde los nuevos proyectos de vida cobraban forma concreta en medio de la<\/p>\n","protected":false},"author":3,"featured_media":1508,"comment_status":"open","ping_status":"open","sticky":false,"template":"","format":"standard","meta":{"footnotes":""},"categories":[1],"tags":[],"class_list":["post-1507","post","type-post","status-publish","format-standard","has-post-thumbnail","hentry","category-noticias"],"_links":{"self":[{"href":"https:\/\/24formosa.com.ar\/index.php?rest_route=\/wp\/v2\/posts\/1507","targetHints":{"allow":["GET"]}}],"collection":[{"href":"https:\/\/24formosa.com.ar\/index.php?rest_route=\/wp\/v2\/posts"}],"about":[{"href":"https:\/\/24formosa.com.ar\/index.php?rest_route=\/wp\/v2\/types\/post"}],"author":[{"embeddable":true,"href":"https:\/\/24formosa.com.ar\/index.php?rest_route=\/wp\/v2\/users\/3"}],"replies":[{"embeddable":true,"href":"https:\/\/24formosa.com.ar\/index.php?rest_route=%2Fwp%2Fv2%2Fcomments&post=1507"}],"version-history":[{"count":1,"href":"https:\/\/24formosa.com.ar\/index.php?rest_route=\/wp\/v2\/posts\/1507\/revisions"}],"predecessor-version":[{"id":52293,"href":"https:\/\/24formosa.com.ar\/index.php?rest_route=\/wp\/v2\/posts\/1507\/revisions\/52293"}],"wp:featuredmedia":[{"embeddable":true,"href":"https:\/\/24formosa.com.ar\/index.php?rest_route=\/wp\/v2\/media\/1508"}],"wp:attachment":[{"href":"https:\/\/24formosa.com.ar\/index.php?rest_route=%2Fwp%2Fv2%2Fmedia&parent=1507"}],"wp:term":[{"taxonomy":"category","embeddable":true,"href":"https:\/\/24formosa.com.ar\/index.php?rest_route=%2Fwp%2Fv2%2Fcategories&post=1507"},{"taxonomy":"post_tag","embeddable":true,"href":"https:\/\/24formosa.com.ar\/index.php?rest_route=%2Fwp%2Fv2%2Ftags&post=1507"}],"curies":[{"name":"wp","href":"https:\/\/api.w.org\/{rel}","templated":true}]}}